{"id":81072,"date":"2020-09-16T11:16:07","date_gmt":"2020-09-16T14:16:07","guid":{"rendered":"https:\/\/eldiariodesanpedro.com.ar\/sitio\/?p=81072"},"modified":"2020-09-16T11:16:11","modified_gmt":"2020-09-16T14:16:11","slug":"se-recupero-un-tv-de-32-pulgadas-en-allanamiento","status":"publish","type":"post","link":"https:\/\/eldiariodesanpedro.com.ar\/sitio\/se-recupero-un-tv-de-32-pulgadas-en-allanamiento\/","title":{"rendered":"Se recuper\u00f3 un TV de 32 pulgadas en allanamiento"},"content":{"rendered":"<!-- VideographyWP Plugin Message: Automatic video embedding prevented by plugin options. -->\n\n<p>Durante la jornada de ayer el grupo GTO dirigido por Guillermo Turci realiz\u00f3 tareas de allanamiento solicitadas por la UFI N\u00ba 7 de nuestra ciudad tras investigaciones realizadas por un hecho delictivo.<\/p>\n\n\n\n<p>Las diligencias se realizaron en una vivienda ubicada en calle Facundo Quiroga al 1100 donde se procedi\u00f3 al secuestro de un televisor Sony Led de 32 pulgadas que fue trasladado a la comisar\u00eda local donde se espera el reconocimiento por parte de la v\u00edctima.<\/p>\n\n\n\n<p>En el domicilio allanado no se encontraban moradores.<\/p>\n","protected":false},"excerpt":{"rendered":"<p>Durante la jornada de ayer el grupo GTO dirigido por Guillermo Turci realiz\u00f3 tareas de allanamiento solicitadas por la UFI N\u00ba 7 de nuestra ciudad tras investigaciones realizadas por un hecho delictivo. Las diligencias se realizaron en una vivienda ubicada en calle Facundo Quiroga al 1100 donde se procedi\u00f3 al secuestro de un televisor Sony [&hellip;]<\/p>\n","protected":false},"author":4,"featured_media":81073,"comment_status":"open","ping_status":"closed","sticky":false,"template":"","format":"standard","meta":{"om_disable_all_campaigns":false,"_jetpack_memberships_contains_paid_content":false,"footnotes":""},"categories":[2,103],"tags":[197,33,95,19],"class_list":["post-81072","post","type-post","status-publish","format-standard","has-post-thumbnail","hentry","category-locales","category-policiales-locales","tag-buenos-aires","tag-locales","tag-policiales","tag-san-pedro"],"aioseo_notices":[],"gutentor_comment":0,"jetpack_featured_media_url":"https:\/\/eldiariodesanpedro.com.ar\/sitio\/wp-content\/uploads\/2020\/09\/Sin-titulo-1-6.jpg","jetpack_shortlink":"https:\/\/wp.me\/p6RhLt-l5C","jetpack_sharing_enabled":true,"_links":{"self":[{"href":"https:\/\/eldiariodesanpedro.com.ar\/sitio\/wp-json\/wp\/v2\/posts\/81072","targetHints":{"allow":["GET"]}}],"collection":[{"href":"https:\/\/eldiariodesanpedro.com.ar\/sitio\/wp-json\/wp\/v2\/posts"}],"about":[{"href":"https:\/\/eldiariodesanpedro.com.ar\/sitio\/wp-json\/wp\/v2\/types\/post"}],"author":[{"embeddable":true,"href":"https:\/\/eldiariodesanpedro.com.ar\/sitio\/wp-json\/wp\/v2\/users\/4"}],"replies":[{"embeddable":true,"href":"https:\/\/eldiariodesanpedro.com.ar\/sitio\/wp-json\/wp\/v2\/comments?post=81072"}],"version-history":[{"count":1,"href":"https:\/\/eldiariodesanpedro.com.ar\/sitio\/wp-json\/wp\/v2\/posts\/81072\/revisions"}],"predecessor-version":[{"id":81074,"href":"https:\/\/eldiariodesanpedro.com.ar\/sitio\/wp-json\/wp\/v2\/posts\/81072\/revisions\/81074"}],"wp:featuredmedia":[{"embeddable":true,"href":"https:\/\/eldiariodesanpedro.com.ar\/sitio\/wp-json\/wp\/v2\/media\/81073"}],"wp:attachment":[{"href":"https:\/\/eldiariodesanpedro.com.ar\/sitio\/wp-json\/wp\/v2\/media?parent=81072"}],"wp:term":[{"taxonomy":"category","embeddable":true,"href":"https:\/\/eldiariodesanpedro.com.ar\/sitio\/wp-json\/wp\/v2\/categories?post=81072"},{"taxonomy":"post_tag","embeddable":true,"href":"https:\/\/eldiariodesanpedro.com.ar\/sitio\/wp-json\/wp\/v2\/tags?post=81072"}],"curies":[{"name":"wp","href":"https:\/\/api.w.org\/{rel}","templated":true}]}}