{"id":81064,"date":"2020-09-16T10:41:14","date_gmt":"2020-09-16T13:41:14","guid":{"rendered":"https:\/\/eldiariodesanpedro.com.ar\/sitio\/?p=81064"},"modified":"2020-09-16T10:41:15","modified_gmt":"2020-09-16T13:41:15","slug":"golpeo-a-su-pareja-quedando-aprehendido","status":"publish","type":"post","link":"https:\/\/eldiariodesanpedro.com.ar\/sitio\/golpeo-a-su-pareja-quedando-aprehendido\/","title":{"rendered":"Golpeo a su pareja quedando aprehendido"},"content":{"rendered":"<!-- VideographyWP Plugin Message: Automatic video embedding prevented by plugin options. -->\n\n<p>En la noche de este martes la polic\u00eda se tuvo que hacer presente en una&nbsp; vivienda ubicada en calle Molina 600 donde se aprehende a un ciudadano de 24 a\u00f1os de edad por una situaci\u00f3n de violencia de g\u00e9nero.<\/p>\n\n\n\n<p>El hecho ocurri\u00f3 cuando este hombre agredi\u00f3 f\u00edsicamente a su actual pareja una mujer de 24 a\u00f1os, ocasion\u00e1ndole lesiones leves.<\/p>\n\n\n\n<p>La v\u00edctima fue trasladada al nosocomio local y luego a la Comisar\u00eda Local de la Mujer para realizar la denuncia.<\/p>\n\n\n\n<p>El agresor permanece alojado en la comisar\u00eda local hasta prestar declaraci\u00f3n ante la fiscal\u00eda.<\/p>\n","protected":false},"excerpt":{"rendered":"<p>En la noche de este martes la polic\u00eda se tuvo que hacer presente en una&nbsp; vivienda ubicada en calle Molina 600 donde se aprehende a un ciudadano de 24 a\u00f1os de edad por una situaci\u00f3n de violencia de g\u00e9nero. El hecho ocurri\u00f3 cuando este hombre agredi\u00f3 f\u00edsicamente a su actual pareja una mujer de 24 [&hellip;]<\/p>\n","protected":false},"author":4,"featured_media":81065,"comment_status":"open","ping_status":"closed","sticky":false,"template":"","format":"standard","meta":{"om_disable_all_campaigns":false,"_jetpack_memberships_contains_paid_content":false,"footnotes":""},"categories":[2,103],"tags":[],"class_list":["post-81064","post","type-post","status-publish","format-standard","has-post-thumbnail","hentry","category-locales","category-policiales-locales"],"aioseo_notices":[],"gutentor_comment":0,"jetpack_featured_media_url":"https:\/\/eldiariodesanpedro.com.ar\/sitio\/wp-content\/uploads\/2020\/09\/Sin-titulo-1-5.jpg","jetpack_shortlink":"https:\/\/wp.me\/p6RhLt-l5u","jetpack_sharing_enabled":true,"_links":{"self":[{"href":"https:\/\/eldiariodesanpedro.com.ar\/sitio\/wp-json\/wp\/v2\/posts\/81064","targetHints":{"allow":["GET"]}}],"collection":[{"href":"https:\/\/eldiariodesanpedro.com.ar\/sitio\/wp-json\/wp\/v2\/posts"}],"about":[{"href":"https:\/\/eldiariodesanpedro.com.ar\/sitio\/wp-json\/wp\/v2\/types\/post"}],"author":[{"embeddable":true,"href":"https:\/\/eldiariodesanpedro.com.ar\/sitio\/wp-json\/wp\/v2\/users\/4"}],"replies":[{"embeddable":true,"href":"https:\/\/eldiariodesanpedro.com.ar\/sitio\/wp-json\/wp\/v2\/comments?post=81064"}],"version-history":[{"count":1,"href":"https:\/\/eldiariodesanpedro.com.ar\/sitio\/wp-json\/wp\/v2\/posts\/81064\/revisions"}],"predecessor-version":[{"id":81066,"href":"https:\/\/eldiariodesanpedro.com.ar\/sitio\/wp-json\/wp\/v2\/posts\/81064\/revisions\/81066"}],"wp:featuredmedia":[{"embeddable":true,"href":"https:\/\/eldiariodesanpedro.com.ar\/sitio\/wp-json\/wp\/v2\/media\/81065"}],"wp:attachment":[{"href":"https:\/\/eldiariodesanpedro.com.ar\/sitio\/wp-json\/wp\/v2\/media?parent=81064"}],"wp:term":[{"taxonomy":"category","embeddable":true,"href":"https:\/\/eldiariodesanpedro.com.ar\/sitio\/wp-json\/wp\/v2\/categories?post=81064"},{"taxonomy":"post_tag","embeddable":true,"href":"https:\/\/eldiariodesanpedro.com.ar\/sitio\/wp-json\/wp\/v2\/tags?post=81064"}],"curies":[{"name":"wp","href":"https:\/\/api.w.org\/{rel}","templated":true}]}}