{"id":81059,"date":"2020-09-16T10:00:05","date_gmt":"2020-09-16T13:00:05","guid":{"rendered":"https:\/\/eldiariodesanpedro.com.ar\/sitio\/?p=81059"},"modified":"2020-09-16T10:00:10","modified_gmt":"2020-09-16T13:00:10","slug":"un-aprehendido-por-tenencia-de-estupefacientes-6","status":"publish","type":"post","link":"https:\/\/eldiariodesanpedro.com.ar\/sitio\/un-aprehendido-por-tenencia-de-estupefacientes-6\/","title":{"rendered":"Un aprehendido por tenencia de estupefacientes"},"content":{"rendered":"<!-- VideographyWP Plugin Message: Automatic video embedding prevented by plugin options. -->\n\n<p>En la jornada de ayer efectivos policiales de nuestra ciudad que se encontraban en rec<\/p>\n\n\n\n<p>orrida preventiva se hicieron presentes en calle Hermano Indio al 800 sobre v\u00eda p\u00fablica donde identifican a un ciudadano de 21 a\u00f1os de edad.<\/p>\n\n\n\n<p>Tras la revisi\u00f3n correspondiente se secuestr\u00f3 de entre sus prendas dos envoltorios de bagullos compatible con coca\u00edna.<\/p>\n\n\n\n<p>El joven fue trasladado a la dependencia local donde se realiza la imputaci\u00f3n y su posterior libertad.<\/p>\n\n\n\n<figure class=\"wp-block-image size-large\"><img decoding=\"async\" width=\"467\" height=\"556\" data-attachment-id=\"81060\" data-permalink=\"https:\/\/eldiariodesanpedro.com.ar\/sitio\/un-aprehendido-por-tenencia-de-estupefacientes-6\/11-15\/\" data-orig-file=\"https:\/\/eldiariodesanpedro.com.ar\/sitio\/wp-content\/uploads\/2020\/09\/11.jpg\" data-orig-size=\"467,556\" data-comments-opened=\"1\" data-image-meta=\"{&quot;aperture&quot;:&quot;0&quot;,&quot;credit&quot;:&quot;&quot;,&quot;camera&quot;:&quot;&quot;,&quot;caption&quot;:&quot;&quot;,&quot;created_timestamp&quot;:&quot;0&quot;,&quot;copyright&quot;:&quot;&quot;,&quot;focal_length&quot;:&quot;0&quot;,&quot;iso&quot;:&quot;0&quot;,&quot;shutter_speed&quot;:&quot;0&quot;,&quot;title&quot;:&quot;&quot;,&quot;orientation&quot;:&quot;0&quot;}\" data-image-title=\"11\" data-image-description=\"\" data-image-caption=\"\" data-large-file=\"https:\/\/eldiariodesanpedro.com.ar\/sitio\/wp-content\/uploads\/2020\/09\/11.jpg\" data-src=\"https:\/\/eldiariodesanpedro.com.ar\/sitio\/wp-content\/uploads\/2020\/09\/11.jpg\" alt=\"\" class=\"wp-image-81060 lazyload\" data-srcset=\"https:\/\/eldiariodesanpedro.com.ar\/sitio\/wp-content\/uploads\/2020\/09\/11.jpg 467w, https:\/\/eldiariodesanpedro.com.ar\/sitio\/wp-content\/uploads\/2020\/09\/11-252x300.jpg 252w\" data-sizes=\"(max-width: 467px) 100vw, 467px\" src=\"data:image\/svg+xml;base64,PHN2ZyB3aWR0aD0iMSIgaGVpZ2h0PSIxIiB4bWxucz0iaHR0cDovL3d3dy53My5vcmcvMjAwMC9zdmciPjwvc3ZnPg==\" style=\"--smush-placeholder-width: 467px; --smush-placeholder-aspect-ratio: 467\/556;\" \/><\/figure>\n","protected":false},"excerpt":{"rendered":"<p>En la jornada de ayer efectivos policiales de nuestra ciudad que se encontraban en rec orrida preventiva se hicieron presentes en calle Hermano Indio al 800 sobre v\u00eda p\u00fablica donde identifican a un ciudadano de 21 a\u00f1os de edad. Tras la revisi\u00f3n correspondiente se secuestr\u00f3 de entre sus prendas dos envoltorios de bagullos compatible con [&hellip;]<\/p>\n","protected":false},"author":4,"featured_media":81062,"comment_status":"open","ping_status":"closed","sticky":false,"template":"","format":"standard","meta":{"om_disable_all_campaigns":false,"_jetpack_memberships_contains_paid_content":false,"footnotes":""},"categories":[2,103],"tags":[],"class_list":["post-81059","post","type-post","status-publish","format-standard","has-post-thumbnail","hentry","category-locales","category-policiales-locales"],"aioseo_notices":[],"gutentor_comment":0,"jetpack_featured_media_url":"https:\/\/eldiariodesanpedro.com.ar\/sitio\/wp-content\/uploads\/2020\/09\/Sin-titulo-1-4.jpg","jetpack_shortlink":"https:\/\/wp.me\/p6RhLt-l5p","jetpack_sharing_enabled":true,"_links":{"self":[{"href":"https:\/\/eldiariodesanpedro.com.ar\/sitio\/wp-json\/wp\/v2\/posts\/81059","targetHints":{"allow":["GET"]}}],"collection":[{"href":"https:\/\/eldiariodesanpedro.com.ar\/sitio\/wp-json\/wp\/v2\/posts"}],"about":[{"href":"https:\/\/eldiariodesanpedro.com.ar\/sitio\/wp-json\/wp\/v2\/types\/post"}],"author":[{"embeddable":true,"href":"https:\/\/eldiariodesanpedro.com.ar\/sitio\/wp-json\/wp\/v2\/users\/4"}],"replies":[{"embeddable":true,"href":"https:\/\/eldiariodesanpedro.com.ar\/sitio\/wp-json\/wp\/v2\/comments?post=81059"}],"version-history":[{"count":1,"href":"https:\/\/eldiariodesanpedro.com.ar\/sitio\/wp-json\/wp\/v2\/posts\/81059\/revisions"}],"predecessor-version":[{"id":81063,"href":"https:\/\/eldiariodesanpedro.com.ar\/sitio\/wp-json\/wp\/v2\/posts\/81059\/revisions\/81063"}],"wp:featuredmedia":[{"embeddable":true,"href":"https:\/\/eldiariodesanpedro.com.ar\/sitio\/wp-json\/wp\/v2\/media\/81062"}],"wp:attachment":[{"href":"https:\/\/eldiariodesanpedro.com.ar\/sitio\/wp-json\/wp\/v2\/media?parent=81059"}],"wp:term":[{"taxonomy":"category","embeddable":true,"href":"https:\/\/eldiariodesanpedro.com.ar\/sitio\/wp-json\/wp\/v2\/categories?post=81059"},{"taxonomy":"post_tag","embeddable":true,"href":"https:\/\/eldiariodesanpedro.com.ar\/sitio\/wp-json\/wp\/v2\/tags?post=81059"}],"curies":[{"name":"wp","href":"https:\/\/api.w.org\/{rel}","templated":true}]}}