{"id":81052,"date":"2020-09-15T21:37:26","date_gmt":"2020-09-16T00:37:26","guid":{"rendered":"https:\/\/eldiariodesanpedro.com.ar\/sitio\/?p=81052"},"modified":"2020-09-16T12:03:20","modified_gmt":"2020-09-16T15:03:20","slug":"agredieron-al-dr-pablo-gallo-cuando-fue-a-auxiliar-a-un-hombre-que-intentaba-quitarse-la-vida","status":"publish","type":"post","link":"https:\/\/eldiariodesanpedro.com.ar\/sitio\/agredieron-al-dr-pablo-gallo-cuando-fue-a-auxiliar-a-un-hombre-que-intentaba-quitarse-la-vida\/","title":{"rendered":"Agredieron al Dr. Pablo Gallo cuando fue a auxiliar a un hombre que intentaba quitarse la vida"},"content":{"rendered":"<!-- VideographyWP Plugin Message: Automatic video embedding prevented by plugin options. -->\n\n<p>En la noche de este martes pasadas las 20 hs la ambulancia del SAME y una patrulla de la polic\u00eda se hicieron presente en una vivienda ubicada en calle Segundo Sombra al 800 donde en una primera instancia se inform\u00f3 de una personas que se hab\u00eda quitado la vida con una soga, al llegar al lugar constataron que no era como lo hab\u00edan denunciado telef\u00f3nicamente al 911 y el joven se encontraba en estado de nervios.<\/p>\n\n\n\n<p>En el intento de querer calmar y ayudar a esta persona para que se tranquilizara y no cometiera ninguna tragedia el Dr. Pablo Gallo recibi\u00f3 un golpe de pu\u00f1o en el rostro que lo dej\u00f3 tirado en el piso por un momento.<\/p>\n\n\n\n<p>La polic\u00eda debi\u00f3 intervenir reduciendo al individuo provocando que&nbsp; los familiares que se encontraban en el lugar tambi\u00e9n se alterar\u00e1n y comenzaron a arrojar piedras contra la ambulancia y el patrullero.<\/p>\n\n\n\n<p>El ciudadano fue trasladado al nosocomio local de igual manera para poder evitar que atente contra su propia vida ya que tambi\u00e9n habr\u00eda ingerido alguna clase de pastillas.<\/p>\n\n\n\n<p>Por su parte el doctor Pablo Gallo recibi\u00f3 la atenci\u00f3n necesaria ya que presentaba un hematoma en el rostro y mareos.<\/p>\n\n\n\n<p>De esta manera le devolvieron el estetoscopio al doctor.<\/p>\n\n\n\n<figure class=\"wp-block-image size-large\"><img decoding=\"async\" width=\"720\" height=\"960\" data-attachment-id=\"81075\" data-permalink=\"https:\/\/eldiariodesanpedro.com.ar\/sitio\/agredieron-al-dr-pablo-gallo-cuando-fue-a-auxiliar-a-un-hombre-que-intentaba-quitarse-la-vida\/119656705_10222272545617110_7331306948662081285_n\/\" data-orig-file=\"https:\/\/eldiariodesanpedro.com.ar\/sitio\/wp-content\/uploads\/2020\/09\/119656705_10222272545617110_7331306948662081285_n.jpg\" data-orig-size=\"720,960\" data-comments-opened=\"1\" data-image-meta=\"{&quot;aperture&quot;:&quot;0&quot;,&quot;credit&quot;:&quot;&quot;,&quot;camera&quot;:&quot;&quot;,&quot;caption&quot;:&quot;&quot;,&quot;created_timestamp&quot;:&quot;0&quot;,&quot;copyright&quot;:&quot;&quot;,&quot;focal_length&quot;:&quot;0&quot;,&quot;iso&quot;:&quot;0&quot;,&quot;shutter_speed&quot;:&quot;0&quot;,&quot;title&quot;:&quot;&quot;,&quot;orientation&quot;:&quot;0&quot;}\" data-image-title=\"119656705_10222272545617110_7331306948662081285_n\" data-image-description=\"\" data-image-caption=\"\" data-large-file=\"https:\/\/eldiariodesanpedro.com.ar\/sitio\/wp-content\/uploads\/2020\/09\/119656705_10222272545617110_7331306948662081285_n.jpg\" data-src=\"https:\/\/eldiariodesanpedro.com.ar\/sitio\/wp-content\/uploads\/2020\/09\/119656705_10222272545617110_7331306948662081285_n.jpg\" alt=\"\" class=\"wp-image-81075 lazyload\" data-srcset=\"https:\/\/eldiariodesanpedro.com.ar\/sitio\/wp-content\/uploads\/2020\/09\/119656705_10222272545617110_7331306948662081285_n.jpg 720w, https:\/\/eldiariodesanpedro.com.ar\/sitio\/wp-content\/uploads\/2020\/09\/119656705_10222272545617110_7331306948662081285_n-225x300.jpg 225w\" data-sizes=\"(max-width: 720px) 100vw, 720px\" src=\"data:image\/svg+xml;base64,PHN2ZyB3aWR0aD0iMSIgaGVpZ2h0PSIxIiB4bWxucz0iaHR0cDovL3d3dy53My5vcmcvMjAwMC9zdmciPjwvc3ZnPg==\" style=\"--smush-placeholder-width: 720px; --smush-placeholder-aspect-ratio: 720\/960;\" \/><\/figure>\n","protected":false},"excerpt":{"rendered":"<p>En la noche de este martes pasadas las 20 hs la ambulancia del SAME y una patrulla de la polic\u00eda se hicieron presente en una vivienda ubicada en calle Segundo Sombra al 800 donde en una primera instancia se inform\u00f3 de una personas que se hab\u00eda quitado la vida con una soga, al llegar al [&hellip;]<\/p>\n","protected":false},"author":4,"featured_media":81053,"comment_status":"open","ping_status":"closed","sticky":false,"template":"","format":"standard","meta":{"om_disable_all_campaigns":false,"_jetpack_memberships_contains_paid_content":false,"footnotes":""},"categories":[2,103],"tags":[197,33,95,19],"class_list":["post-81052","post","type-post","status-publish","format-standard","has-post-thumbnail","hentry","category-locales","category-policiales-locales","tag-buenos-aires","tag-locales","tag-policiales","tag-san-pedro"],"aioseo_notices":[],"gutentor_comment":0,"jetpack_featured_media_url":"https:\/\/eldiariodesanpedro.com.ar\/sitio\/wp-content\/uploads\/2020\/09\/guardia-940x528-1.jpg","jetpack_shortlink":"https:\/\/wp.me\/p6RhLt-l5i","jetpack_sharing_enabled":true,"_links":{"self":[{"href":"https:\/\/eldiariodesanpedro.com.ar\/sitio\/wp-json\/wp\/v2\/posts\/81052","targetHints":{"allow":["GET"]}}],"collection":[{"href":"https:\/\/eldiariodesanpedro.com.ar\/sitio\/wp-json\/wp\/v2\/posts"}],"about":[{"href":"https:\/\/eldiariodesanpedro.com.ar\/sitio\/wp-json\/wp\/v2\/types\/post"}],"author":[{"embeddable":true,"href":"https:\/\/eldiariodesanpedro.com.ar\/sitio\/wp-json\/wp\/v2\/users\/4"}],"replies":[{"embeddable":true,"href":"https:\/\/eldiariodesanpedro.com.ar\/sitio\/wp-json\/wp\/v2\/comments?post=81052"}],"version-history":[{"count":3,"href":"https:\/\/eldiariodesanpedro.com.ar\/sitio\/wp-json\/wp\/v2\/posts\/81052\/revisions"}],"predecessor-version":[{"id":81076,"href":"https:\/\/eldiariodesanpedro.com.ar\/sitio\/wp-json\/wp\/v2\/posts\/81052\/revisions\/81076"}],"wp:featuredmedia":[{"embeddable":true,"href":"https:\/\/eldiariodesanpedro.com.ar\/sitio\/wp-json\/wp\/v2\/media\/81053"}],"wp:attachment":[{"href":"https:\/\/eldiariodesanpedro.com.ar\/sitio\/wp-json\/wp\/v2\/media?parent=81052"}],"wp:term":[{"taxonomy":"category","embeddable":true,"href":"https:\/\/eldiariodesanpedro.com.ar\/sitio\/wp-json\/wp\/v2\/categories?post=81052"},{"taxonomy":"post_tag","embeddable":true,"href":"https:\/\/eldiariodesanpedro.com.ar\/sitio\/wp-json\/wp\/v2\/tags?post=81052"}],"curies":[{"name":"wp","href":"https:\/\/api.w.org\/{rel}","templated":true}]}}