{"id":8105,"date":"2016-09-15T19:11:00","date_gmt":"2016-09-15T22:11:00","guid":{"rendered":"https:\/\/eldiariodesanpedro.com.ar\/sitio\/?p=8105"},"modified":"2016-09-15T19:11:00","modified_gmt":"2016-09-15T22:11:00","slug":"cicop-hara-nuevos-paros-el-22-y-23-de-septiembre","status":"publish","type":"post","link":"https:\/\/eldiariodesanpedro.com.ar\/sitio\/cicop-hara-nuevos-paros-el-22-y-23-de-septiembre\/","title":{"rendered":"CICOP har\u00e1 nuevos paros el 22 y 23 de septiembre"},"content":{"rendered":"<p><!-- VideographyWP Plugin Message: Automatic video embedding prevented by plugin options. --><br \/>\nFuncionarios del Ministerio de Econom\u00eda recibieron ayer a los m\u00e9dicos enrolados en CICOP para una nueva negociaci\u00f3n paritaria, luego de que este sector haya parado en la jornada de ayer.<br \/>\nEl \u00faltimo encuentro hab\u00eda tenido lugar el 17 de agosto pasado, cuando el gremio rechaz\u00f3 una suba del 6,7 por ciento para el per\u00edodo agosto-diciembre (elevando la pauta anual al 31,7%), y reclamaron un 25 por ciento, cifra similar a la alcanzada para el primer semestre del a\u00f1o.<br \/>\nLos m\u00e9dicos llegar\u00e1n al encuentro con un paro de 48 horas definido el s\u00e1bado para el 22 y 23 de septiembre, medida que solo levantar\u00e1n \u201csi la oferta alcanza nuestras expectativas\u201d, seg\u00fan indicaron.<\/p>\n","protected":false},"excerpt":{"rendered":"<p>Funcionarios del Ministerio de Econom\u00eda recibieron ayer a los m\u00e9dicos enrolados en CICOP para una nueva negociaci\u00f3n paritaria, luego de que este sector haya parado en la jornada de ayer. El \u00faltimo encuentro hab\u00eda tenido lugar el 17 de agosto pasado, cuando el gremio rechaz\u00f3 una suba del 6,7 por ciento para el per\u00edodo agosto-diciembre [&hellip;]<\/p>\n","protected":false},"author":4,"featured_media":8106,"comment_status":"open","ping_status":"closed","sticky":false,"template":"","format":"standard","meta":{"om_disable_all_campaigns":false,"_jetpack_memberships_contains_paid_content":false,"footnotes":""},"categories":[101,2],"tags":[],"class_list":["post-8105","post","type-post","status-publish","format-standard","has-post-thumbnail","hentry","category-interes-general-locales","category-locales"],"aioseo_notices":[],"gutentor_comment":0,"jetpack_featured_media_url":"https:\/\/eldiariodesanpedro.com.ar\/sitio\/wp-content\/uploads\/2016\/09\/cicop1.jpg","jetpack_shortlink":"https:\/\/wp.me\/p6RhLt-26J","jetpack_sharing_enabled":true,"_links":{"self":[{"href":"https:\/\/eldiariodesanpedro.com.ar\/sitio\/wp-json\/wp\/v2\/posts\/8105","targetHints":{"allow":["GET"]}}],"collection":[{"href":"https:\/\/eldiariodesanpedro.com.ar\/sitio\/wp-json\/wp\/v2\/posts"}],"about":[{"href":"https:\/\/eldiariodesanpedro.com.ar\/sitio\/wp-json\/wp\/v2\/types\/post"}],"author":[{"embeddable":true,"href":"https:\/\/eldiariodesanpedro.com.ar\/sitio\/wp-json\/wp\/v2\/users\/4"}],"replies":[{"embeddable":true,"href":"https:\/\/eldiariodesanpedro.com.ar\/sitio\/wp-json\/wp\/v2\/comments?post=8105"}],"version-history":[{"count":1,"href":"https:\/\/eldiariodesanpedro.com.ar\/sitio\/wp-json\/wp\/v2\/posts\/8105\/revisions"}],"predecessor-version":[{"id":8107,"href":"https:\/\/eldiariodesanpedro.com.ar\/sitio\/wp-json\/wp\/v2\/posts\/8105\/revisions\/8107"}],"wp:featuredmedia":[{"embeddable":true,"href":"https:\/\/eldiariodesanpedro.com.ar\/sitio\/wp-json\/wp\/v2\/media\/8106"}],"wp:attachment":[{"href":"https:\/\/eldiariodesanpedro.com.ar\/sitio\/wp-json\/wp\/v2\/media?parent=8105"}],"wp:term":[{"taxonomy":"category","embeddable":true,"href":"https:\/\/eldiariodesanpedro.com.ar\/sitio\/wp-json\/wp\/v2\/categories?post=8105"},{"taxonomy":"post_tag","embeddable":true,"href":"https:\/\/eldiariodesanpedro.com.ar\/sitio\/wp-json\/wp\/v2\/tags?post=8105"}],"curies":[{"name":"wp","href":"https:\/\/api.w.org\/{rel}","templated":true}]}}