{"id":81048,"date":"2020-09-15T20:27:27","date_gmt":"2020-09-15T23:27:27","guid":{"rendered":"https:\/\/eldiariodesanpedro.com.ar\/sitio\/?p=81048"},"modified":"2020-09-15T20:29:24","modified_gmt":"2020-09-15T23:29:24","slug":"coronavirus-nuevo-record-en-una-sola-jornada-hoy-se-registran-37-positivos","status":"publish","type":"post","link":"https:\/\/eldiariodesanpedro.com.ar\/sitio\/coronavirus-nuevo-record-en-una-sola-jornada-hoy-se-registran-37-positivos\/","title":{"rendered":"Coronavirus: Nuevo r\u00e9cord en una sola jornada, hoy se registran 37 positivos"},"content":{"rendered":"<!-- VideographyWP Plugin Message: Automatic video embedding prevented by plugin options. -->\n\n<p>La Secretar\u00eda de Salud de la Municipalidad de San Pedro informa que hasta el momento se suman 37 nuevos casos positivos, informados desde los laboratorios que procesan muestras enviadas desde nuestro distrito.<br>Adem\u00e1s, se notificaron 33 muestras negativas.<br>Hoy se enviaron 73 nuevas muestras al sistema p\u00fablico y no se cargaron nuevas altas.<br>En San Pedro al d\u00eda de la fecha se registran 171 casos activos y est\u00e1n pendientes 95 muestras.<\/p>\n\n\n\n<p>Detalle:<br>Sistema P\u00fablico: 34 casos positivos<\/p>\n\n\n\n<ul class=\"wp-block-list\"><li>Se recibieron los resultados de 66 muestras enviadas, con 34 positivos y 32 negativos.<br>Los nuevos casos positivos corresponden a mujeres de 22, 29, 33, 37(2), 39, 40, 45(2), 46, 48, 52, 59, 60, 66 y 74 a\u00f1os; y hombres de 16, 24(2), 28, 31, 32, 33, 39, 42(2), 47(2), 52, 61, 62, 71, 76 y 81 a\u00f1os.<\/li><\/ul>\n\n\n\n<p>Laboratorios Privados: 3 casos positivos<\/p>\n\n\n\n<ul class=\"wp-block-list\"><li>En el Laboratorio del Hospital Sadiv, fueron recibidas una muestra con resultado negativo y 2 con resultado positivo correspondientes hombres de 28 y 49 a\u00f1os.<\/li><li>Adem\u00e1s 1 caso positivo de un sampedrino de 27 a\u00f1os, con un testeo laboral en una empresa de Pilar, Provincia de Buenos Aires.<\/li><\/ul>\n\n\n\n<p>Muestras<br>Se enviaron 73 muestras al sistema p\u00fablico que corresponden a:<\/p>\n\n\n\n<ul class=\"wp-block-list\"><li>44 mujeres de 17, 18, 22, 23, 24(2), 25, 26, 27, 29(2), 30(2), 31(2), 32(3), 42(2), 43, 44, 45(3), 46(2), 47(2), 48, 49, 51, 52, 53, 55, 57, 60, 61(2), 66, 73, 74, 93 y 95 a\u00f1os.<\/li><li>29 hombres de 15, 18, 20, 25(3), 26, 27(2), 28, 34(2), 39(3), 41(2), 42(3), 46(2), 48, 54, 55, 60 y 64(3).<\/li><\/ul>\n\n\n\n<p>Con esta actualizaci\u00f3n el resumen es el siguiente:<\/p>\n\n\n\n<p>RESUMEN<br>Nuevas muestras enviadas p\u00fablico-mixto: 73<br>Muestras Pendientes p\u00fablico-mixto: 95<br>Nuevas muestras negativas p\u00fablico-mixto-privado: 33<br>Nuevos Casos Positivos p\u00fablico-mixto-privado: 37<br>Total de confirmados: 675(*)<br>Total de casos activos: 171<br>Total de casos recuperados: 476<br>Total de casos fallecidos: 28<br>Total de muestras negativas sistema p\u00fablico-mixto-privado: 1016<br>(*) En este informe s\u00f3lo se incluyen los positivos confirmados con hisopado.<\/p>\n\n\n\n<p>&#x1f449; Usar tapabocas.<br>&#x1f449; Mantener la distancia m\u00ednima de 2 metros.<br>&#x1f449; Extremar la higiene de los espacios.<br>&#x1f449; Mantener las manos limpias.<\/p>\n\n\n\n<p>Se recuerda que, ante s\u00edntomas de tos seca, fiebre y dolor de garganta y la probabilidad de haber estado en contacto con enfermos o viajeros llegados desde las zonas transmisi\u00f3n local o comunitaria se puede llamar al 148 o 107.<\/p>\n\n\n\n<figure class=\"wp-block-image size-large\"><img decoding=\"async\" width=\"1024\" height=\"992\" data-attachment-id=\"81050\" data-permalink=\"https:\/\/eldiariodesanpedro.com.ar\/sitio\/coronavirus-nuevo-record-en-una-sola-jornada-hoy-se-registran-37-positivos\/whatsapp-image-2020-09-15-at-20-19-40\/\" data-orig-file=\"https:\/\/eldiariodesanpedro.com.ar\/sitio\/wp-content\/uploads\/2020\/09\/WhatsApp-Image-2020-09-15-at-20.19.40.jpeg\" data-orig-size=\"1280,1240\" data-comments-opened=\"1\" data-image-meta=\"{&quot;aperture&quot;:&quot;0&quot;,&quot;credit&quot;:&quot;&quot;,&quot;camera&quot;:&quot;&quot;,&quot;caption&quot;:&quot;&quot;,&quot;created_timestamp&quot;:&quot;0&quot;,&quot;copyright&quot;:&quot;&quot;,&quot;focal_length&quot;:&quot;0&quot;,&quot;iso&quot;:&quot;0&quot;,&quot;shutter_speed&quot;:&quot;0&quot;,&quot;title&quot;:&quot;&quot;,&quot;orientation&quot;:&quot;0&quot;}\" data-image-title=\"WhatsApp-Image-2020-09-15-at-20.19.40\" data-image-description=\"\" data-image-caption=\"\" data-large-file=\"https:\/\/eldiariodesanpedro.com.ar\/sitio\/wp-content\/uploads\/2020\/09\/WhatsApp-Image-2020-09-15-at-20.19.40-1024x992.jpeg\" data-src=\"https:\/\/eldiariodesanpedro.com.ar\/sitio\/wp-content\/uploads\/2020\/09\/WhatsApp-Image-2020-09-15-at-20.19.40-1024x992.jpeg\" alt=\"\" class=\"wp-image-81050 lazyload\" data-srcset=\"https:\/\/eldiariodesanpedro.com.ar\/sitio\/wp-content\/uploads\/2020\/09\/WhatsApp-Image-2020-09-15-at-20.19.40-1024x992.jpeg 1024w, https:\/\/eldiariodesanpedro.com.ar\/sitio\/wp-content\/uploads\/2020\/09\/WhatsApp-Image-2020-09-15-at-20.19.40-300x291.jpeg 300w, https:\/\/eldiariodesanpedro.com.ar\/sitio\/wp-content\/uploads\/2020\/09\/WhatsApp-Image-2020-09-15-at-20.19.40-768x744.jpeg 768w, https:\/\/eldiariodesanpedro.com.ar\/sitio\/wp-content\/uploads\/2020\/09\/WhatsApp-Image-2020-09-15-at-20.19.40.jpeg 1280w\" data-sizes=\"(max-width: 1024px) 100vw, 1024px\" src=\"data:image\/svg+xml;base64,PHN2ZyB3aWR0aD0iMSIgaGVpZ2h0PSIxIiB4bWxucz0iaHR0cDovL3d3dy53My5vcmcvMjAwMC9zdmciPjwvc3ZnPg==\" style=\"--smush-placeholder-width: 1024px; --smush-placeholder-aspect-ratio: 1024\/992;\" \/><\/figure>\n","protected":false},"excerpt":{"rendered":"<p>La Secretar\u00eda de Salud de la Municipalidad de San Pedro informa que hasta el momento se suman 37 nuevos casos positivos, informados desde los laboratorios que procesan muestras enviadas desde nuestro distrito.Adem\u00e1s, se notificaron 33 muestras negativas.Hoy se enviaron 73 nuevas muestras al sistema p\u00fablico y no se cargaron nuevas altas.En San Pedro al d\u00eda [&hellip;]<\/p>\n","protected":false},"author":4,"featured_media":75824,"comment_status":"open","ping_status":"closed","sticky":false,"template":"","format":"standard","meta":{"om_disable_all_campaigns":false,"_jetpack_memberships_contains_paid_content":false,"footnotes":""},"categories":[50,101,2],"tags":[],"class_list":["post-81048","post","type-post","status-publish","format-standard","has-post-thumbnail","hentry","category-destacadas","category-interes-general-locales","category-locales"],"aioseo_notices":[],"gutentor_comment":0,"jetpack_featured_media_url":"https:\/\/eldiariodesanpedro.com.ar\/sitio\/wp-content\/uploads\/2020\/06\/coronavirus-2_124fd4e7k7j5f1lzjl9z2tf65c.jpg","jetpack_shortlink":"https:\/\/wp.me\/p6RhLt-l5e","jetpack_sharing_enabled":true,"_links":{"self":[{"href":"https:\/\/eldiariodesanpedro.com.ar\/sitio\/wp-json\/wp\/v2\/posts\/81048","targetHints":{"allow":["GET"]}}],"collection":[{"href":"https:\/\/eldiariodesanpedro.com.ar\/sitio\/wp-json\/wp\/v2\/posts"}],"about":[{"href":"https:\/\/eldiariodesanpedro.com.ar\/sitio\/wp-json\/wp\/v2\/types\/post"}],"author":[{"embeddable":true,"href":"https:\/\/eldiariodesanpedro.com.ar\/sitio\/wp-json\/wp\/v2\/users\/4"}],"replies":[{"embeddable":true,"href":"https:\/\/eldiariodesanpedro.com.ar\/sitio\/wp-json\/wp\/v2\/comments?post=81048"}],"version-history":[{"count":2,"href":"https:\/\/eldiariodesanpedro.com.ar\/sitio\/wp-json\/wp\/v2\/posts\/81048\/revisions"}],"predecessor-version":[{"id":81051,"href":"https:\/\/eldiariodesanpedro.com.ar\/sitio\/wp-json\/wp\/v2\/posts\/81048\/revisions\/81051"}],"wp:featuredmedia":[{"embeddable":true,"href":"https:\/\/eldiariodesanpedro.com.ar\/sitio\/wp-json\/wp\/v2\/media\/75824"}],"wp:attachment":[{"href":"https:\/\/eldiariodesanpedro.com.ar\/sitio\/wp-json\/wp\/v2\/media?parent=81048"}],"wp:term":[{"taxonomy":"category","embeddable":true,"href":"https:\/\/eldiariodesanpedro.com.ar\/sitio\/wp-json\/wp\/v2\/categories?post=81048"},{"taxonomy":"post_tag","embeddable":true,"href":"https:\/\/eldiariodesanpedro.com.ar\/sitio\/wp-json\/wp\/v2\/tags?post=81048"}],"curies":[{"name":"wp","href":"https:\/\/api.w.org\/{rel}","templated":true}]}}