{"id":81020,"date":"2020-09-15T12:04:16","date_gmt":"2020-09-15T15:04:16","guid":{"rendered":"https:\/\/eldiariodesanpedro.com.ar\/sitio\/?p=81020"},"modified":"2020-09-15T12:04:16","modified_gmt":"2020-09-15T15:04:16","slug":"vanesa-murio-protegiendo-a-su-hija-de-9-anos","status":"publish","type":"post","link":"https:\/\/eldiariodesanpedro.com.ar\/sitio\/vanesa-murio-protegiendo-a-su-hija-de-9-anos\/","title":{"rendered":"Vanesa muri\u00f3 protegiendo a su hija de 9 a\u00f1os"},"content":{"rendered":"<!-- VideographyWP Plugin Message: Automatic video embedding prevented by plugin options. -->\n\n<p>En la ma\u00f1ana de hoy la Hermana de Vanesa Marttinez asesinada por la espalda por un grupo de delincuentes que se encontraban realizando un enfrentamiento armado el d\u00eda de ayer, hablo con los colegas de \u00abEquipo de Radio\u00bb que se trasmite por La Radio 92.3 y declaro la situaci\u00f3n y como fueron los hechos.<\/p>\n\n\n\n<p>\u00abEsto viene de un d\u00eda antes, le prendieron fuego la casa a los Benvenuto. Estuvieron como hasta las cuatro de la ma\u00f1ana tirando tiros en el barrio. Tenemos que resguardar las criaturas abajo de la cama\u00bb.<\/p>\n\n\n\n<p>\u00abElla se estaba tendiendo la ropa cuando comenzaron los disparos y se encontraba con ella su hija mas peque\u00f1a de 9 a\u00f1os de edad, por lo que ella puso su cuerpo para protegerla\u00bb.<\/p>\n\n\n\n<p>Vanesa viv\u00eda con sus tres hijas de 14, 12 y 9 a\u00f1os de edad, y tenia un cuarto hijo mayor que viv\u00eda con sus abuelos en la zona de islas.<\/p>\n\n\n\n<p>Por el hecho se logro la aprensi\u00f3n de dos hermanos de 23 y 27 a\u00f1os de edad y se buscan por lo menos dos personas mas que estaban en el enfrentamiento. <\/p>\n","protected":false},"excerpt":{"rendered":"<p>En la ma\u00f1ana de hoy la Hermana de Vanesa Marttinez asesinada por la espalda por un grupo de delincuentes que se encontraban realizando un enfrentamiento armado el d\u00eda de ayer, hablo con los colegas de \u00abEquipo de Radio\u00bb que se trasmite por La Radio 92.3 y declaro la situaci\u00f3n y como fueron los hechos. \u00abEsto [&hellip;]<\/p>\n","protected":false},"author":4,"featured_media":81021,"comment_status":"open","ping_status":"closed","sticky":false,"template":"","format":"standard","meta":{"om_disable_all_campaigns":false,"_jetpack_memberships_contains_paid_content":false,"footnotes":""},"categories":[2,103],"tags":[],"class_list":["post-81020","post","type-post","status-publish","format-standard","has-post-thumbnail","hentry","category-locales","category-policiales-locales"],"aioseo_notices":[],"gutentor_comment":0,"jetpack_featured_media_url":"https:\/\/eldiariodesanpedro.com.ar\/sitio\/wp-content\/uploads\/2020\/09\/10.jpg","jetpack_shortlink":"https:\/\/wp.me\/p6RhLt-l4M","jetpack_sharing_enabled":true,"_links":{"self":[{"href":"https:\/\/eldiariodesanpedro.com.ar\/sitio\/wp-json\/wp\/v2\/posts\/81020","targetHints":{"allow":["GET"]}}],"collection":[{"href":"https:\/\/eldiariodesanpedro.com.ar\/sitio\/wp-json\/wp\/v2\/posts"}],"about":[{"href":"https:\/\/eldiariodesanpedro.com.ar\/sitio\/wp-json\/wp\/v2\/types\/post"}],"author":[{"embeddable":true,"href":"https:\/\/eldiariodesanpedro.com.ar\/sitio\/wp-json\/wp\/v2\/users\/4"}],"replies":[{"embeddable":true,"href":"https:\/\/eldiariodesanpedro.com.ar\/sitio\/wp-json\/wp\/v2\/comments?post=81020"}],"version-history":[{"count":1,"href":"https:\/\/eldiariodesanpedro.com.ar\/sitio\/wp-json\/wp\/v2\/posts\/81020\/revisions"}],"predecessor-version":[{"id":81022,"href":"https:\/\/eldiariodesanpedro.com.ar\/sitio\/wp-json\/wp\/v2\/posts\/81020\/revisions\/81022"}],"wp:featuredmedia":[{"embeddable":true,"href":"https:\/\/eldiariodesanpedro.com.ar\/sitio\/wp-json\/wp\/v2\/media\/81021"}],"wp:attachment":[{"href":"https:\/\/eldiariodesanpedro.com.ar\/sitio\/wp-json\/wp\/v2\/media?parent=81020"}],"wp:term":[{"taxonomy":"category","embeddable":true,"href":"https:\/\/eldiariodesanpedro.com.ar\/sitio\/wp-json\/wp\/v2\/categories?post=81020"},{"taxonomy":"post_tag","embeddable":true,"href":"https:\/\/eldiariodesanpedro.com.ar\/sitio\/wp-json\/wp\/v2\/tags?post=81020"}],"curies":[{"name":"wp","href":"https:\/\/api.w.org\/{rel}","templated":true}]}}