{"id":80894,"date":"2020-09-12T10:55:58","date_gmt":"2020-09-12T13:55:58","guid":{"rendered":"https:\/\/eldiariodesanpedro.com.ar\/sitio\/?p=80894"},"modified":"2020-09-12T10:56:02","modified_gmt":"2020-09-12T13:56:02","slug":"campana-por-falta-de-acuerdo-paritario-los-petroleros-van-al-paro","status":"publish","type":"post","link":"https:\/\/eldiariodesanpedro.com.ar\/sitio\/campana-por-falta-de-acuerdo-paritario-los-petroleros-van-al-paro\/","title":{"rendered":"CAMPANA | Por falta de acuerdo paritario, los Petroleros van al paro"},"content":{"rendered":"<!-- VideographyWP Plugin Message: Automatic video embedding prevented by plugin options. -->\n\n<p><strong><em>El gremio y la C\u00e1mara Industria del Petr\u00f3leo hab\u00edan llegado a un entendiendo para cerrar la paritaria 2019, pero en una nueva audiencia el acuerdo no se concret\u00f3. Axion energy es una de las refiner\u00edas afectadas.<\/em><\/strong><\/p>\n\n\n\n<p>Los petroleros lanzaron un paro total de actividades a la medianoche de este jueves tras que se cayera el entendimiento paritario que hab\u00edan alcanzado con la C\u00e1mara Industria del Petr\u00f3leo en la mesa del Ministerio de Trabajo.<\/p>\n\n\n\n<p>La medida, que arranc\u00f3 a las cero horas de hoy, alcanza a todas las refiner\u00edas y dep\u00f3sitos de la provincia de Buenos Aires y es por tiempo indeterminado. Entre las plantas afectadas est\u00e1 la de Axion energy, una de las principales f\u00e1bricas de nuestra ciudad.<\/p>\n\n\n\n<p>\u00abAnunciamos un paro total de actividades a partir de las 0 horas de este viernes en las plantas de refiner\u00eda de la provincia de Buenos Aires. Buscamos respuestas de parte del sector empresarial a nuestro reclamo por la revisi\u00f3n salarial de la paritaria 2019. Necesitamos una soluci\u00f3n urgente\u00bb, manifest\u00f3 la Federaci\u00f3n de Petr\u00f3leo y Gas Privado (FASiPeGyBio) a trav\u00e9s de su cuenta oficial de Facebook.<\/p>\n\n\n\n<p>Adem\u00e1s, en un comunicado en su p\u00e1gina web, la entidad sindical que conduce Pedro Milla record\u00f3 que \u00aba fines de julio, los gremios petroleros hab\u00edan lanzado un paro de actividades a nivel nacional que fue abortado con el dictado de la conciliaci\u00f3n obligatoria por parte del ministerio de Trabajo\u00bb. Vencido el plazo de la medida, llegaron las medidas de acci\u00f3n directas.<\/p>\n\n\n\n<p>Seg\u00fan pudo averiguar La Aut\u00e9ntica Defensa de fuentes del gremio local, a fines de agosto se hab\u00eda llegado a un pre entendimiento con las empresas del sector: $28 mil pesos en dos cuotas mensuales iguales y consecutivas, m\u00e1s el levantamiento del r\u00e9gimen de suspensiones que estaba vigente desde el mes de mayo. Sin embargo, durante una audiencia ministerial mantenida durante este jueves, la propuesta \u00abno encontr\u00f3 respuesta favorable\u00bb, le se\u00f1alaron a este medio.<\/p>\n\n\n\n<p>La huelga de los petroleros dejar\u00e1 sin actividades de producci\u00f3n y log\u00edstica a Axion energy, mientras que se mantendr\u00e1n las guardias m\u00ednimas para garantizar la seguridad industrial. Est\u00e1 previsto una concentraci\u00f3n de trabajadores en las inmediaciones de la planta y no se descarta el bloqueo de accesos para impedir el ingreso y egreso de camiones.<\/p>\n\n\n\n<p>Fuente: <a href=\"https:\/\/www.laautenticadefensa.net\/174092\">El Campanense Diario<\/a><\/p>\n","protected":false},"excerpt":{"rendered":"<p>El gremio y la C\u00e1mara Industria del Petr\u00f3leo hab\u00edan llegado a un entendiendo para cerrar la paritaria 2019, pero en una nueva audiencia el acuerdo no se concret\u00f3. Axion energy es una de las refiner\u00edas afectadas. Los petroleros lanzaron un paro total de actividades a la medianoche de este jueves tras que se cayera el [&hellip;]<\/p>\n","protected":false},"author":4,"featured_media":80895,"comment_status":"open","ping_status":"closed","sticky":false,"template":"","format":"standard","meta":{"om_disable_all_campaigns":false,"_jetpack_memberships_contains_paid_content":false,"footnotes":""},"categories":[621],"tags":[197,686,681],"class_list":["post-80894","post","type-post","status-publish","format-standard","has-post-thumbnail","hentry","category-regionales","tag-buenos-aires","tag-campana-2","tag-regionales"],"aioseo_notices":[],"gutentor_comment":0,"jetpack_featured_media_url":"https:\/\/eldiariodesanpedro.com.ar\/sitio\/wp-content\/uploads\/2020\/09\/200911-5.jpg","jetpack_shortlink":"https:\/\/wp.me\/p6RhLt-l2K","jetpack_sharing_enabled":true,"_links":{"self":[{"href":"https:\/\/eldiariodesanpedro.com.ar\/sitio\/wp-json\/wp\/v2\/posts\/80894","targetHints":{"allow":["GET"]}}],"collection":[{"href":"https:\/\/eldiariodesanpedro.com.ar\/sitio\/wp-json\/wp\/v2\/posts"}],"about":[{"href":"https:\/\/eldiariodesanpedro.com.ar\/sitio\/wp-json\/wp\/v2\/types\/post"}],"author":[{"embeddable":true,"href":"https:\/\/eldiariodesanpedro.com.ar\/sitio\/wp-json\/wp\/v2\/users\/4"}],"replies":[{"embeddable":true,"href":"https:\/\/eldiariodesanpedro.com.ar\/sitio\/wp-json\/wp\/v2\/comments?post=80894"}],"version-history":[{"count":1,"href":"https:\/\/eldiariodesanpedro.com.ar\/sitio\/wp-json\/wp\/v2\/posts\/80894\/revisions"}],"predecessor-version":[{"id":80896,"href":"https:\/\/eldiariodesanpedro.com.ar\/sitio\/wp-json\/wp\/v2\/posts\/80894\/revisions\/80896"}],"wp:featuredmedia":[{"embeddable":true,"href":"https:\/\/eldiariodesanpedro.com.ar\/sitio\/wp-json\/wp\/v2\/media\/80895"}],"wp:attachment":[{"href":"https:\/\/eldiariodesanpedro.com.ar\/sitio\/wp-json\/wp\/v2\/media?parent=80894"}],"wp:term":[{"taxonomy":"category","embeddable":true,"href":"https:\/\/eldiariodesanpedro.com.ar\/sitio\/wp-json\/wp\/v2\/categories?post=80894"},{"taxonomy":"post_tag","embeddable":true,"href":"https:\/\/eldiariodesanpedro.com.ar\/sitio\/wp-json\/wp\/v2\/tags?post=80894"}],"curies":[{"name":"wp","href":"https:\/\/api.w.org\/{rel}","templated":true}]}}