{"id":80852,"date":"2020-09-11T11:13:43","date_gmt":"2020-09-11T14:13:43","guid":{"rendered":"https:\/\/eldiariodesanpedro.com.ar\/sitio\/?p=80852"},"modified":"2020-09-11T11:15:08","modified_gmt":"2020-09-11T14:15:08","slug":"un-camionero-asesinado-en-la-ruta-nacional-9","status":"publish","type":"post","link":"https:\/\/eldiariodesanpedro.com.ar\/sitio\/un-camionero-asesinado-en-la-ruta-nacional-9\/","title":{"rendered":"Un camionero asesinado en la ruta nacional 9"},"content":{"rendered":"<!-- VideographyWP Plugin Message: Automatic video embedding prevented by plugin options. -->\n\n<p>En la ma\u00f1ana de este viernes pasadas las 06 hs se hicieron presentes m\u00f3viles policial en la ruta nacional 9 Km 154 a pocos metros del acceso de San Pedro donde fue hallado el cuerpo de un camionero dentro de el veh\u00edculo que conduc\u00eda.<\/p>\n\n\n\n<p>El hombre fue identificado como Nestor Insaurralde de 26 a\u00f1os oriundo de la Matanza de a que conduc\u00eda un transporte con carga de almohadas.<\/p>\n\n\n\n<p>En el lugar se encuentran trabajando efectivos de la polic\u00eda DDI, GTO, Vial y Gendarmeria.<\/p>\n\n\n\n<p>En el lugar polic\u00eda cient\u00edfica trabaja para averiguar que es lo que puede haber ocurrido y se realizaron rastrillajes en la zona para encontrar pruebas e indicios.<\/p>\n","protected":false},"excerpt":{"rendered":"<p>En la ma\u00f1ana de este viernes pasadas las 06 hs se hicieron presentes m\u00f3viles policial en la ruta nacional 9 Km 154 a pocos metros del acceso de San Pedro donde fue hallado el cuerpo de un camionero dentro de el veh\u00edculo que conduc\u00eda. El hombre fue identificado como Nestor Insaurralde de 26 a\u00f1os oriundo [&hellip;]<\/p>\n","protected":false},"author":4,"featured_media":80853,"comment_status":"open","ping_status":"closed","sticky":false,"template":"","format":"standard","meta":{"om_disable_all_campaigns":false,"_jetpack_memberships_contains_paid_content":false,"footnotes":""},"categories":[50,2,103],"tags":[197,33,95,19],"class_list":["post-80852","post","type-post","status-publish","format-standard","has-post-thumbnail","hentry","category-destacadas","category-locales","category-policiales-locales","tag-buenos-aires","tag-locales","tag-policiales","tag-san-pedro"],"aioseo_notices":[],"gutentor_comment":0,"jetpack_featured_media_url":"https:\/\/eldiariodesanpedro.com.ar\/sitio\/wp-content\/uploads\/2020\/09\/119139848_1375350892674046_4156800839025848405_o-e1603746620836.jpg","jetpack_shortlink":"https:\/\/wp.me\/p6RhLt-l24","jetpack_sharing_enabled":true,"_links":{"self":[{"href":"https:\/\/eldiariodesanpedro.com.ar\/sitio\/wp-json\/wp\/v2\/posts\/80852","targetHints":{"allow":["GET"]}}],"collection":[{"href":"https:\/\/eldiariodesanpedro.com.ar\/sitio\/wp-json\/wp\/v2\/posts"}],"about":[{"href":"https:\/\/eldiariodesanpedro.com.ar\/sitio\/wp-json\/wp\/v2\/types\/post"}],"author":[{"embeddable":true,"href":"https:\/\/eldiariodesanpedro.com.ar\/sitio\/wp-json\/wp\/v2\/users\/4"}],"replies":[{"embeddable":true,"href":"https:\/\/eldiariodesanpedro.com.ar\/sitio\/wp-json\/wp\/v2\/comments?post=80852"}],"version-history":[{"count":2,"href":"https:\/\/eldiariodesanpedro.com.ar\/sitio\/wp-json\/wp\/v2\/posts\/80852\/revisions"}],"predecessor-version":[{"id":80855,"href":"https:\/\/eldiariodesanpedro.com.ar\/sitio\/wp-json\/wp\/v2\/posts\/80852\/revisions\/80855"}],"wp:featuredmedia":[{"embeddable":true,"href":"https:\/\/eldiariodesanpedro.com.ar\/sitio\/wp-json\/wp\/v2\/media\/80853"}],"wp:attachment":[{"href":"https:\/\/eldiariodesanpedro.com.ar\/sitio\/wp-json\/wp\/v2\/media?parent=80852"}],"wp:term":[{"taxonomy":"category","embeddable":true,"href":"https:\/\/eldiariodesanpedro.com.ar\/sitio\/wp-json\/wp\/v2\/categories?post=80852"},{"taxonomy":"post_tag","embeddable":true,"href":"https:\/\/eldiariodesanpedro.com.ar\/sitio\/wp-json\/wp\/v2\/tags?post=80852"}],"curies":[{"name":"wp","href":"https:\/\/api.w.org\/{rel}","templated":true}]}}