{"id":80779,"date":"2020-09-09T19:54:02","date_gmt":"2020-09-09T22:54:02","guid":{"rendered":"https:\/\/eldiariodesanpedro.com.ar\/sitio\/?p=80779"},"modified":"2020-09-09T19:54:06","modified_gmt":"2020-09-09T22:54:06","slug":"convenios-de-obras-publicas-en-san-pedro-con-la-visita-del-ministro-nacional-katopodis","status":"publish","type":"post","link":"https:\/\/eldiariodesanpedro.com.ar\/sitio\/convenios-de-obras-publicas-en-san-pedro-con-la-visita-del-ministro-nacional-katopodis\/","title":{"rendered":"Convenios de obras p\u00fablicas en San Pedro con la visita del Ministro Nacional Katopodis"},"content":{"rendered":"<!-- VideographyWP Plugin Message: Automatic video embedding prevented by plugin options. -->\n\n<p>En el Sal\u00f3n Dorado de la Municipalidad de San Pedro, el Intendente Cecilio Salazar y el Ministro de Obras P\u00fablicas de la Naci\u00f3n, Gabriel Katopodis suscribieron esta tarde tres convenios para la ejecuci\u00f3n de importantes proyectos que se enmarcan dentro del Programa Argentina Hace.<\/p>\n\n\n\n<p>Salazar abri\u00f3 el acto destacando que a poco menos de tres meses de haber comenzado a mantener reuniones con el Ministro, \u00abratific\u00f3 su compromiso de estar en el territorio y responder a los pedidos de nuestra comunidad, con la firma de estos convenios que representan un hecho altamente positivo para todos los sampedrinos\u201d.<\/p>\n\n\n\n<p>Agradeci\u00f3 el respaldo demostrado por los gobiernos de Naci\u00f3n y Provincia y destac\u00f3 el esfuerzo que se est\u00e1 haciendo en este momento tan delicado, para sacar el pa\u00eds adelante.<\/p>\n\n\n\n<p>El jefe comunal, le dio tambi\u00e9n una cordial bienvenida al Intendente de Baradero, Esteban Sanzio, quien acompa\u00f1\u00f3 la comitiva de la que tambi\u00e9n form\u00f3 parte el Senador Provincial Francisco \u00abPaco\u00bb Dura\u00f1ona.<\/p>\n\n\n\n<p>El legislador provincial y ex Intendente de San Antonio de Areco, habl\u00f3 de la importancia del trabajo conjunto, fortaleciendo el rol de los gobiernos locales, sin diferencias pol\u00edticas y priorizando todas las necesidades que tienen los vecinos, en cada ciudad, para poder desarrollar sus actividades y generar empleo.<\/p>\n\n\n\n<p>El Ministro Katopodis expres\u00f3 su satisfacci\u00f3n con la oportunidad de recorrer el pa\u00eds, reactivando la obra p\u00fablica para mejorar la calidad de vida de todos los argentinos. Se refiri\u00f3 a este plan de obra p\u00fablica como una iniciativa federal que busca reducir las inequidades que se han puesto en evidencia m\u00e1s que nunca a partir de la Pandemia.<\/p>\n\n\n\n<p>\u00abQueremos inaugurar obras para la gente, sin preguntarle a quien vot\u00f3 porque sabemos que as\u00ed les mejoramos la vida, trabajando en conjunto, con respuestas y soluciones\u00bb.<\/p>\n\n\n\n<p>El Plan Argentina Hace tiene previsto llegar a todos los municipios del pa\u00eds y en esta primera etapa se propone generar 20.000 puestos trabajo con paridad de g\u00e9nero, a trav\u00e9s del desarrollo de obras de ejecuci\u00f3n r\u00e1pida, con una inversi\u00f3n de $8.500 millones.<\/p>\n\n\n\n<p>En el acto de hoy se firm\u00f3, con la participaci\u00f3n N\u00e9stor \u00c1lvarez, Sub Administrador del Ente Nacional H\u00eddrico (ENOHSA), el convenio para la construcci\u00f3n de la red cloacal en la Cooperativa de Viviendas Nuestro Sue\u00f1o que ya hab\u00eda sido elevado desde la Secretar\u00eda de Obras P\u00fablicas y cuenta con presupuesto asciende a 14 millones de pesos.<\/p>\n\n\n\n<p>dem\u00e1s, se firmaron los convenios marco para los Programas 1 y 2, dentro de los cu\u00e1les ya ha sido presentado el proyecto \u00abPlan Integral de Mejoramiento de Calles en el Partido de San Pedro\u00bb para la pavimentaci\u00f3n de 54 cuadras y con un presupuesto estimado en 42 millones.<\/p>\n\n\n\n<p>Desde la Secretar\u00eda de Obras P\u00fablicas y la Direcci\u00f3n de Planeamiento se est\u00e1n elevando otras iniciativas que ser\u00e1n analizadas, y en caso de ser aprobadas pasar\u00edan a formar parte del mismo programa en el que el Ministerio administra, financia y realiza el seguimiento correspondiente.<br>En el acto estuvieron presentes adem\u00e1s, representantes del ministerio, miembros del equipo de gobierno local, concejales de todas las fuerzas pol\u00edticas y funcionarios de organismos provinciales y nacionales con asiento en nuestra ciudad.<\/p>\n\n\n\n<figure class=\"wp-block-image size-large\"><img decoding=\"async\" width=\"1024\" height=\"688\" data-attachment-id=\"80781\" data-permalink=\"https:\/\/eldiariodesanpedro.com.ar\/sitio\/convenios-de-obras-publicas-en-san-pedro-con-la-visita-del-ministro-nacional-katopodis\/5-2-3\/\" data-orig-file=\"https:\/\/eldiariodesanpedro.com.ar\/sitio\/wp-content\/uploads\/2020\/09\/5-2-scaled.jpg\" data-orig-size=\"2560,1720\" data-comments-opened=\"1\" data-image-meta=\"{&quot;aperture&quot;:&quot;4&quot;,&quot;credit&quot;:&quot;&quot;,&quot;camera&quot;:&quot;Canon EOS 5D Mark III&quot;,&quot;caption&quot;:&quot;&quot;,&quot;created_timestamp&quot;:&quot;1607355332&quot;,&quot;copyright&quot;:&quot;&quot;,&quot;focal_length&quot;:&quot;24&quot;,&quot;iso&quot;:&quot;1600&quot;,&quot;shutter_speed&quot;:&quot;0.016666666666667&quot;,&quot;title&quot;:&quot;&quot;,&quot;orientation&quot;:&quot;0&quot;}\" data-image-title=\"5 (2)\" data-image-description=\"\" data-image-caption=\"\" data-large-file=\"https:\/\/eldiariodesanpedro.com.ar\/sitio\/wp-content\/uploads\/2020\/09\/5-2-1024x688.jpg\" data-src=\"https:\/\/eldiariodesanpedro.com.ar\/sitio\/wp-content\/uploads\/2020\/09\/5-2-1024x688.jpg\" alt=\"\" class=\"wp-image-80781 lazyload\" data-srcset=\"https:\/\/eldiariodesanpedro.com.ar\/sitio\/wp-content\/uploads\/2020\/09\/5-2-1024x688.jpg 1024w, https:\/\/eldiariodesanpedro.com.ar\/sitio\/wp-content\/uploads\/2020\/09\/5-2-300x202.jpg 300w, https:\/\/eldiariodesanpedro.com.ar\/sitio\/wp-content\/uploads\/2020\/09\/5-2-768x516.jpg 768w, https:\/\/eldiariodesanpedro.com.ar\/sitio\/wp-content\/uploads\/2020\/09\/5-2-1536x1032.jpg 1536w, https:\/\/eldiariodesanpedro.com.ar\/sitio\/wp-content\/uploads\/2020\/09\/5-2-2048x1376.jpg 2048w\" data-sizes=\"(max-width: 1024px) 100vw, 1024px\" src=\"data:image\/svg+xml;base64,PHN2ZyB3aWR0aD0iMSIgaGVpZ2h0PSIxIiB4bWxucz0iaHR0cDovL3d3dy53My5vcmcvMjAwMC9zdmciPjwvc3ZnPg==\" style=\"--smush-placeholder-width: 1024px; --smush-placeholder-aspect-ratio: 1024\/688;\" \/><\/figure>\n\n\n\n<figure class=\"wp-block-image size-large\"><img decoding=\"async\" width=\"1024\" height=\"633\" data-attachment-id=\"80782\" data-permalink=\"https:\/\/eldiariodesanpedro.com.ar\/sitio\/convenios-de-obras-publicas-en-san-pedro-con-la-visita-del-ministro-nacional-katopodis\/0-1-53\/\" data-orig-file=\"https:\/\/eldiariodesanpedro.com.ar\/sitio\/wp-content\/uploads\/2020\/09\/0-1-1-scaled.jpg\" data-orig-size=\"2560,1581\" data-comments-opened=\"1\" data-image-meta=\"{&quot;aperture&quot;:&quot;4&quot;,&quot;credit&quot;:&quot;&quot;,&quot;camera&quot;:&quot;Canon EOS 5D Mark III&quot;,&quot;caption&quot;:&quot;&quot;,&quot;created_timestamp&quot;:&quot;1607356193&quot;,&quot;copyright&quot;:&quot;&quot;,&quot;focal_length&quot;:&quot;45&quot;,&quot;iso&quot;:&quot;1600&quot;,&quot;shutter_speed&quot;:&quot;0.016666666666667&quot;,&quot;title&quot;:&quot;&quot;,&quot;orientation&quot;:&quot;0&quot;}\" data-image-title=\"0 (1)\" data-image-description=\"\" data-image-caption=\"\" data-large-file=\"https:\/\/eldiariodesanpedro.com.ar\/sitio\/wp-content\/uploads\/2020\/09\/0-1-1-1024x633.jpg\" data-src=\"https:\/\/eldiariodesanpedro.com.ar\/sitio\/wp-content\/uploads\/2020\/09\/0-1-1-1024x633.jpg\" alt=\"\" class=\"wp-image-80782 lazyload\" data-srcset=\"https:\/\/eldiariodesanpedro.com.ar\/sitio\/wp-content\/uploads\/2020\/09\/0-1-1-1024x633.jpg 1024w, https:\/\/eldiariodesanpedro.com.ar\/sitio\/wp-content\/uploads\/2020\/09\/0-1-1-300x185.jpg 300w, https:\/\/eldiariodesanpedro.com.ar\/sitio\/wp-content\/uploads\/2020\/09\/0-1-1-768x474.jpg 768w, https:\/\/eldiariodesanpedro.com.ar\/sitio\/wp-content\/uploads\/2020\/09\/0-1-1-1536x949.jpg 1536w, https:\/\/eldiariodesanpedro.com.ar\/sitio\/wp-content\/uploads\/2020\/09\/0-1-1-2048x1265.jpg 2048w\" data-sizes=\"(max-width: 1024px) 100vw, 1024px\" src=\"data:image\/svg+xml;base64,PHN2ZyB3aWR0aD0iMSIgaGVpZ2h0PSIxIiB4bWxucz0iaHR0cDovL3d3dy53My5vcmcvMjAwMC9zdmciPjwvc3ZnPg==\" style=\"--smush-placeholder-width: 1024px; --smush-placeholder-aspect-ratio: 1024\/633;\" \/><\/figure>\n\n\n\n<figure class=\"wp-block-embed-facebook wp-block-embed is-type-rich is-provider-facebook\"><div class=\"wp-block-embed__wrapper\">\n<div class=\"fb-post\" data-href=\"https:\/\/www.facebook.com\/eldiario.desanpedro\/posts\/1373961316146337\" data-width=\"552\" style=\"background-color: #fff; display: inline-block;\"><\/div>\n<\/div><\/figure>\n","protected":false},"excerpt":{"rendered":"<p>En el Sal\u00f3n Dorado de la Municipalidad de San Pedro, el Intendente Cecilio Salazar y el Ministro de Obras P\u00fablicas de la Naci\u00f3n, Gabriel Katopodis suscribieron esta tarde tres convenios para la ejecuci\u00f3n de importantes proyectos que se enmarcan dentro del Programa Argentina Hace. Salazar abri\u00f3 el acto destacando que a poco menos de tres [&hellip;]<\/p>\n","protected":false},"author":4,"featured_media":80780,"comment_status":"open","ping_status":"closed","sticky":false,"template":"","format":"standard","meta":{"om_disable_all_campaigns":false,"_jetpack_memberships_contains_paid_content":false,"footnotes":""},"categories":[50,101,2],"tags":[197,696,33],"class_list":["post-80779","post","type-post","status-publish","format-standard","has-post-thumbnail","hentry","category-destacadas","category-interes-general-locales","category-locales","tag-buenos-aires","tag-interes-general","tag-locales"],"aioseo_notices":[],"gutentor_comment":0,"jetpack_featured_media_url":"https:\/\/eldiariodesanpedro.com.ar\/sitio\/wp-content\/uploads\/2020\/09\/BI4A6873-scaled-e1599691894358.jpg","jetpack_shortlink":"https:\/\/wp.me\/p6RhLt-l0T","jetpack_sharing_enabled":true,"_links":{"self":[{"href":"https:\/\/eldiariodesanpedro.com.ar\/sitio\/wp-json\/wp\/v2\/posts\/80779","targetHints":{"allow":["GET"]}}],"collection":[{"href":"https:\/\/eldiariodesanpedro.com.ar\/sitio\/wp-json\/wp\/v2\/posts"}],"about":[{"href":"https:\/\/eldiariodesanpedro.com.ar\/sitio\/wp-json\/wp\/v2\/types\/post"}],"author":[{"embeddable":true,"href":"https:\/\/eldiariodesanpedro.com.ar\/sitio\/wp-json\/wp\/v2\/users\/4"}],"replies":[{"embeddable":true,"href":"https:\/\/eldiariodesanpedro.com.ar\/sitio\/wp-json\/wp\/v2\/comments?post=80779"}],"version-history":[{"count":1,"href":"https:\/\/eldiariodesanpedro.com.ar\/sitio\/wp-json\/wp\/v2\/posts\/80779\/revisions"}],"predecessor-version":[{"id":80783,"href":"https:\/\/eldiariodesanpedro.com.ar\/sitio\/wp-json\/wp\/v2\/posts\/80779\/revisions\/80783"}],"wp:featuredmedia":[{"embeddable":true,"href":"https:\/\/eldiariodesanpedro.com.ar\/sitio\/wp-json\/wp\/v2\/media\/80780"}],"wp:attachment":[{"href":"https:\/\/eldiariodesanpedro.com.ar\/sitio\/wp-json\/wp\/v2\/media?parent=80779"}],"wp:term":[{"taxonomy":"category","embeddable":true,"href":"https:\/\/eldiariodesanpedro.com.ar\/sitio\/wp-json\/wp\/v2\/categories?post=80779"},{"taxonomy":"post_tag","embeddable":true,"href":"https:\/\/eldiariodesanpedro.com.ar\/sitio\/wp-json\/wp\/v2\/tags?post=80779"}],"curies":[{"name":"wp","href":"https:\/\/api.w.org\/{rel}","templated":true}]}}