{"id":80772,"date":"2020-09-09T17:04:02","date_gmt":"2020-09-09T20:04:02","guid":{"rendered":"https:\/\/eldiariodesanpedro.com.ar\/sitio\/?p=80772"},"modified":"2020-09-09T17:04:03","modified_gmt":"2020-09-09T20:04:03","slug":"restauracion-de-monolito-historico-en-la-playa-de-obligado","status":"publish","type":"post","link":"https:\/\/eldiariodesanpedro.com.ar\/sitio\/restauracion-de-monolito-historico-en-la-playa-de-obligado\/","title":{"rendered":"Restauraci\u00f3n de monolito hist\u00f3rico en la Playa de Obligado"},"content":{"rendered":"<!-- VideographyWP Plugin Message: Automatic video embedding prevented by plugin options. -->\n\n<p>Personal de la Secretar\u00eda de Obras P\u00fablicas junto a la Delegaci\u00f3n de Vuelta de Obligado y la Direccion de Turismo de la Municipalidad de San Pedro contin\u00faan trabajando en los sectores que ser\u00e1n habilitados para la playa p\u00fablica que se recuperar\u00e1 como atractivo para la zona, en la pr\u00f3xima temporada.<\/p>\n\n\n\n<p>Adem\u00e1s del movimiento de suelos y de las tareas que ya han sido informadas para ofrecer espacios que complementen la infraestructura de la playa, se ha iniciado tambi\u00e9n la restauraci\u00f3n del monumento que marca uno de los puntos desde los que fueron tendidas las gruesas cadenas de costa a costa, para frenar el avance de la flota anglo francesa.<\/p>\n\n\n\n<p>La puesta en valor de esta construcci\u00f3n conmemorativa, permitir\u00e1 sumar otro punto estrat\u00e9gico a la gran riqueza hist\u00f3rica del lugar, continuando con las tareas que ya se han hecho con la restauraci\u00f3n del monumento y el museo de la batalla de 1845, de la que el pr\u00f3ximo de 20 noviembre se cumplir\u00e1n 175 a\u00f1os.<\/p>\n\n\n\n<p>De esta manera se contn\u00faa d\u00e1ndole forma a una de las alternativas con las que San Pedro se prepara para reactivar diferentes sectores de la econom\u00eda cuando los efectos de la Pandemia de Covid-19, lo permitan.<\/p>\n\n\n\n<figure class=\"wp-block-image size-large\"><img decoding=\"async\" width=\"1024\" height=\"586\" data-attachment-id=\"80774\" data-permalink=\"https:\/\/eldiariodesanpedro.com.ar\/sitio\/restauracion-de-monolito-historico-en-la-playa-de-obligado\/whatsapp-image-2020-09-09-at-13-51-51-1\/\" data-orig-file=\"https:\/\/eldiariodesanpedro.com.ar\/sitio\/wp-content\/uploads\/2020\/09\/WhatsApp-Image-2020-09-09-at-13.51.51-1.jpeg\" data-orig-size=\"1280,733\" data-comments-opened=\"1\" data-image-meta=\"{&quot;aperture&quot;:&quot;0&quot;,&quot;credit&quot;:&quot;&quot;,&quot;camera&quot;:&quot;&quot;,&quot;caption&quot;:&quot;&quot;,&quot;created_timestamp&quot;:&quot;0&quot;,&quot;copyright&quot;:&quot;&quot;,&quot;focal_length&quot;:&quot;0&quot;,&quot;iso&quot;:&quot;0&quot;,&quot;shutter_speed&quot;:&quot;0&quot;,&quot;title&quot;:&quot;&quot;,&quot;orientation&quot;:&quot;0&quot;}\" data-image-title=\"WhatsApp Image 2020-09-09 at 13.51.51 (1)\" data-image-description=\"\" data-image-caption=\"\" data-large-file=\"https:\/\/eldiariodesanpedro.com.ar\/sitio\/wp-content\/uploads\/2020\/09\/WhatsApp-Image-2020-09-09-at-13.51.51-1-1024x586.jpeg\" data-src=\"https:\/\/eldiariodesanpedro.com.ar\/sitio\/wp-content\/uploads\/2020\/09\/WhatsApp-Image-2020-09-09-at-13.51.51-1-1024x586.jpeg\" alt=\"\" class=\"wp-image-80774 lazyload\" data-srcset=\"https:\/\/eldiariodesanpedro.com.ar\/sitio\/wp-content\/uploads\/2020\/09\/WhatsApp-Image-2020-09-09-at-13.51.51-1-1024x586.jpeg 1024w, https:\/\/eldiariodesanpedro.com.ar\/sitio\/wp-content\/uploads\/2020\/09\/WhatsApp-Image-2020-09-09-at-13.51.51-1-300x172.jpeg 300w, https:\/\/eldiariodesanpedro.com.ar\/sitio\/wp-content\/uploads\/2020\/09\/WhatsApp-Image-2020-09-09-at-13.51.51-1-768x440.jpeg 768w, https:\/\/eldiariodesanpedro.com.ar\/sitio\/wp-content\/uploads\/2020\/09\/WhatsApp-Image-2020-09-09-at-13.51.51-1.jpeg 1280w\" data-sizes=\"(max-width: 1024px) 100vw, 1024px\" src=\"data:image\/svg+xml;base64,PHN2ZyB3aWR0aD0iMSIgaGVpZ2h0PSIxIiB4bWxucz0iaHR0cDovL3d3dy53My5vcmcvMjAwMC9zdmciPjwvc3ZnPg==\" style=\"--smush-placeholder-width: 1024px; --smush-placeholder-aspect-ratio: 1024\/586;\" \/><\/figure>\n\n\n\n<figure class=\"wp-block-image size-large\"><img decoding=\"async\" width=\"498\" height=\"1024\" data-attachment-id=\"80775\" data-permalink=\"https:\/\/eldiariodesanpedro.com.ar\/sitio\/restauracion-de-monolito-historico-en-la-playa-de-obligado\/whatsapp-image-2020-09-09-at-13-51-51\/\" data-orig-file=\"https:\/\/eldiariodesanpedro.com.ar\/sitio\/wp-content\/uploads\/2020\/09\/WhatsApp-Image-2020-09-09-at-13.51.51.jpeg\" data-orig-size=\"560,1152\" data-comments-opened=\"1\" data-image-meta=\"{&quot;aperture&quot;:&quot;0&quot;,&quot;credit&quot;:&quot;&quot;,&quot;camera&quot;:&quot;&quot;,&quot;caption&quot;:&quot;&quot;,&quot;created_timestamp&quot;:&quot;0&quot;,&quot;copyright&quot;:&quot;&quot;,&quot;focal_length&quot;:&quot;0&quot;,&quot;iso&quot;:&quot;0&quot;,&quot;shutter_speed&quot;:&quot;0&quot;,&quot;title&quot;:&quot;&quot;,&quot;orientation&quot;:&quot;0&quot;}\" data-image-title=\"WhatsApp Image 2020-09-09 at 13.51.51\" data-image-description=\"\" data-image-caption=\"\" data-large-file=\"https:\/\/eldiariodesanpedro.com.ar\/sitio\/wp-content\/uploads\/2020\/09\/WhatsApp-Image-2020-09-09-at-13.51.51-498x1024.jpeg\" data-src=\"https:\/\/eldiariodesanpedro.com.ar\/sitio\/wp-content\/uploads\/2020\/09\/WhatsApp-Image-2020-09-09-at-13.51.51-498x1024.jpeg\" alt=\"\" class=\"wp-image-80775 lazyload\" data-srcset=\"https:\/\/eldiariodesanpedro.com.ar\/sitio\/wp-content\/uploads\/2020\/09\/WhatsApp-Image-2020-09-09-at-13.51.51-498x1024.jpeg 498w, https:\/\/eldiariodesanpedro.com.ar\/sitio\/wp-content\/uploads\/2020\/09\/WhatsApp-Image-2020-09-09-at-13.51.51-146x300.jpeg 146w, https:\/\/eldiariodesanpedro.com.ar\/sitio\/wp-content\/uploads\/2020\/09\/WhatsApp-Image-2020-09-09-at-13.51.51.jpeg 560w\" data-sizes=\"(max-width: 498px) 100vw, 498px\" src=\"data:image\/svg+xml;base64,PHN2ZyB3aWR0aD0iMSIgaGVpZ2h0PSIxIiB4bWxucz0iaHR0cDovL3d3dy53My5vcmcvMjAwMC9zdmciPjwvc3ZnPg==\" style=\"--smush-placeholder-width: 498px; --smush-placeholder-aspect-ratio: 498\/1024;\" \/><\/figure>\n","protected":false},"excerpt":{"rendered":"<p>Personal de la Secretar\u00eda de Obras P\u00fablicas junto a la Delegaci\u00f3n de Vuelta de Obligado y la Direccion de Turismo de la Municipalidad de San Pedro contin\u00faan trabajando en los sectores que ser\u00e1n habilitados para la playa p\u00fablica que se recuperar\u00e1 como atractivo para la zona, en la pr\u00f3xima temporada. Adem\u00e1s del movimiento de suelos [&hellip;]<\/p>\n","protected":false},"author":4,"featured_media":80773,"comment_status":"open","ping_status":"closed","sticky":false,"template":"","format":"standard","meta":{"om_disable_all_campaigns":false,"_jetpack_memberships_contains_paid_content":false,"footnotes":""},"categories":[101,2],"tags":[197,696,33],"class_list":["post-80772","post","type-post","status-publish","format-standard","has-post-thumbnail","hentry","category-interes-general-locales","category-locales","tag-buenos-aires","tag-interes-general","tag-locales"],"aioseo_notices":[],"gutentor_comment":0,"jetpack_featured_media_url":"https:\/\/eldiariodesanpedro.com.ar\/sitio\/wp-content\/uploads\/2020\/09\/WhatsApp-Image-2020-09-09-at-13.51.50.jpeg","jetpack_shortlink":"https:\/\/wp.me\/p6RhLt-l0M","jetpack_sharing_enabled":true,"_links":{"self":[{"href":"https:\/\/eldiariodesanpedro.com.ar\/sitio\/wp-json\/wp\/v2\/posts\/80772","targetHints":{"allow":["GET"]}}],"collection":[{"href":"https:\/\/eldiariodesanpedro.com.ar\/sitio\/wp-json\/wp\/v2\/posts"}],"about":[{"href":"https:\/\/eldiariodesanpedro.com.ar\/sitio\/wp-json\/wp\/v2\/types\/post"}],"author":[{"embeddable":true,"href":"https:\/\/eldiariodesanpedro.com.ar\/sitio\/wp-json\/wp\/v2\/users\/4"}],"replies":[{"embeddable":true,"href":"https:\/\/eldiariodesanpedro.com.ar\/sitio\/wp-json\/wp\/v2\/comments?post=80772"}],"version-history":[{"count":1,"href":"https:\/\/eldiariodesanpedro.com.ar\/sitio\/wp-json\/wp\/v2\/posts\/80772\/revisions"}],"predecessor-version":[{"id":80776,"href":"https:\/\/eldiariodesanpedro.com.ar\/sitio\/wp-json\/wp\/v2\/posts\/80772\/revisions\/80776"}],"wp:featuredmedia":[{"embeddable":true,"href":"https:\/\/eldiariodesanpedro.com.ar\/sitio\/wp-json\/wp\/v2\/media\/80773"}],"wp:attachment":[{"href":"https:\/\/eldiariodesanpedro.com.ar\/sitio\/wp-json\/wp\/v2\/media?parent=80772"}],"wp:term":[{"taxonomy":"category","embeddable":true,"href":"https:\/\/eldiariodesanpedro.com.ar\/sitio\/wp-json\/wp\/v2\/categories?post=80772"},{"taxonomy":"post_tag","embeddable":true,"href":"https:\/\/eldiariodesanpedro.com.ar\/sitio\/wp-json\/wp\/v2\/tags?post=80772"}],"curies":[{"name":"wp","href":"https:\/\/api.w.org\/{rel}","templated":true}]}}