{"id":80763,"date":"2020-09-09T11:53:10","date_gmt":"2020-09-09T14:53:10","guid":{"rendered":"https:\/\/eldiariodesanpedro.com.ar\/sitio\/?p=80763"},"modified":"2020-09-09T11:53:13","modified_gmt":"2020-09-09T14:53:13","slug":"los-trabajadores-del-inta-reclaman-apertura-de-negociacion-salarial-2","status":"publish","type":"post","link":"https:\/\/eldiariodesanpedro.com.ar\/sitio\/los-trabajadores-del-inta-reclaman-apertura-de-negociacion-salarial-2\/","title":{"rendered":"Los trabajadores del INTA reclaman apertura de negociaci\u00f3n salarial"},"content":{"rendered":"<!-- VideographyWP Plugin Message: Automatic video embedding prevented by plugin options. -->\n\n<p>El Sindicato APINTA que agremia a los empleados del INTA se encuentran reclamando la apertura de paritarias para mejorar su salario y lo informan a traves de un comunicado.<\/p>\n\n\n\n<p><em>Los trabajadores del INTA que estamos agremiados en A.P.I.N.T.A. nos declaramos en estado de alerta y movilizaci\u00f3n despu\u00e9s de que transcurrido el plazo para la apertura de una negociaci\u00f3n colectiva salarial el estado en forma unilateral suspenda en forma indefinida la discusi\u00f3n paritaria nacional y no prospere la apertura de negociaci\u00f3n sectorial con el inta.<br>El trabajador del inta en los \u00faltimos a\u00f1os sufri\u00f3 la p\u00e9rdida del poder adquisitivo de su salario en un 50% y hace m\u00e1s de un a\u00f1o tiene sus salarios congelados con un 30%&nbsp; de los trabajadores que perciben salarios por debajo de la l\u00ednea de la pobreza.<br>Desde que empez\u00f3 la cuarentena en el INTA cada trabajador no ha dejado de aportar su compromiso y capacidad para que el sector productivo como lo fue siempre sea art\u00edfice de la reconstrucci\u00f3n del pa\u00eds.<br>Necesitamos una recomposici\u00f3n salarial de urgencia para devolverle el valor y dignidad a nuestro trabajo.<br>\u00a1No podemos esperar m\u00e1s!<br>\u00a1Paritarias ya!<\/em><\/p>\n\n\n\n<p><em>Secretariado Seccional<br>APINTA \u2013 San Pedro<\/em><\/p>\n","protected":false},"excerpt":{"rendered":"<p>El Sindicato APINTA que agremia a los empleados del INTA se encuentran reclamando la apertura de paritarias para mejorar su salario y lo informan a traves de un comunicado. Los trabajadores del INTA que estamos agremiados en A.P.I.N.T.A. nos declaramos en estado de alerta y movilizaci\u00f3n despu\u00e9s de que transcurrido el plazo para la apertura [&hellip;]<\/p>\n","protected":false},"author":4,"featured_media":80764,"comment_status":"open","ping_status":"closed","sticky":false,"template":"","format":"standard","meta":{"om_disable_all_campaigns":false,"_jetpack_memberships_contains_paid_content":false,"footnotes":""},"categories":[101,2],"tags":[1766,197,1679,696,33],"class_list":["post-80763","post","type-post","status-publish","format-standard","has-post-thumbnail","hentry","category-interes-general-locales","category-locales","tag-apinta","tag-buenos-aires","tag-inta-san-pedro","tag-interes-general","tag-locales"],"aioseo_notices":[],"gutentor_comment":0,"jetpack_featured_media_url":"https:\/\/eldiariodesanpedro.com.ar\/sitio\/wp-content\/uploads\/2020\/09\/apinta_2.jpg","jetpack_shortlink":"https:\/\/wp.me\/p6RhLt-l0D","jetpack_sharing_enabled":true,"_links":{"self":[{"href":"https:\/\/eldiariodesanpedro.com.ar\/sitio\/wp-json\/wp\/v2\/posts\/80763","targetHints":{"allow":["GET"]}}],"collection":[{"href":"https:\/\/eldiariodesanpedro.com.ar\/sitio\/wp-json\/wp\/v2\/posts"}],"about":[{"href":"https:\/\/eldiariodesanpedro.com.ar\/sitio\/wp-json\/wp\/v2\/types\/post"}],"author":[{"embeddable":true,"href":"https:\/\/eldiariodesanpedro.com.ar\/sitio\/wp-json\/wp\/v2\/users\/4"}],"replies":[{"embeddable":true,"href":"https:\/\/eldiariodesanpedro.com.ar\/sitio\/wp-json\/wp\/v2\/comments?post=80763"}],"version-history":[{"count":1,"href":"https:\/\/eldiariodesanpedro.com.ar\/sitio\/wp-json\/wp\/v2\/posts\/80763\/revisions"}],"predecessor-version":[{"id":80765,"href":"https:\/\/eldiariodesanpedro.com.ar\/sitio\/wp-json\/wp\/v2\/posts\/80763\/revisions\/80765"}],"wp:featuredmedia":[{"embeddable":true,"href":"https:\/\/eldiariodesanpedro.com.ar\/sitio\/wp-json\/wp\/v2\/media\/80764"}],"wp:attachment":[{"href":"https:\/\/eldiariodesanpedro.com.ar\/sitio\/wp-json\/wp\/v2\/media?parent=80763"}],"wp:term":[{"taxonomy":"category","embeddable":true,"href":"https:\/\/eldiariodesanpedro.com.ar\/sitio\/wp-json\/wp\/v2\/categories?post=80763"},{"taxonomy":"post_tag","embeddable":true,"href":"https:\/\/eldiariodesanpedro.com.ar\/sitio\/wp-json\/wp\/v2\/tags?post=80763"}],"curies":[{"name":"wp","href":"https:\/\/api.w.org\/{rel}","templated":true}]}}