{"id":80756,"date":"2020-09-09T11:08:39","date_gmt":"2020-09-09T14:08:39","guid":{"rendered":"https:\/\/eldiariodesanpedro.com.ar\/sitio\/?p=80756"},"modified":"2020-09-09T11:08:44","modified_gmt":"2020-09-09T14:08:44","slug":"la-policial-de-nuestra-ciudad-marcho-uniendose-al-reclamo-provincial","status":"publish","type":"post","link":"https:\/\/eldiariodesanpedro.com.ar\/sitio\/la-policial-de-nuestra-ciudad-marcho-uniendose-al-reclamo-provincial\/","title":{"rendered":"La policial de nuestra ciudad marcho uni\u00e9ndose al reclamo provincial"},"content":{"rendered":"<!-- VideographyWP Plugin Message: Automatic video embedding prevented by plugin options. -->\n\n<p>En la noche de este martes se realizo una marcha por partes de efectivos policiales que se encuentran de franco en sus veh\u00edculos particulares.<\/p>\n\n\n\n<p>En apoyo a lo que ocurre en diferentes comisarias de la provincia, efectivos de la se hicieron presentes en la puerta de la dependencia y desde all\u00ed partieron a las 00 hs de este mi\u00e9rcoles en una caravana entre autom\u00f3viles y motocicletas particulares por la zona c\u00e9ntrica en reclamo del aumento salarial y mejoras en las condiciones de trabajo.<\/p>\n\n\n\n<p>Este mi\u00e9rcoles alrededor de las 18:30 hs se volver\u00e1n a reunir en la plaza constituci\u00f3n como manifestaci\u00f3n para reclamar.<\/p>\n\n\n\n<p>Imagen Ilustrativa<\/p>\n","protected":false},"excerpt":{"rendered":"<p>En la noche de este martes se realizo una marcha por partes de efectivos policiales que se encuentran de franco en sus veh\u00edculos particulares. En apoyo a lo que ocurre en diferentes comisarias de la provincia, efectivos de la se hicieron presentes en la puerta de la dependencia y desde all\u00ed partieron a las 00 [&hellip;]<\/p>\n","protected":false},"author":4,"featured_media":80757,"comment_status":"open","ping_status":"closed","sticky":false,"template":"","format":"standard","meta":{"om_disable_all_campaigns":false,"_jetpack_memberships_contains_paid_content":false,"footnotes":""},"categories":[2,103],"tags":[197,1031,33,95],"class_list":["post-80756","post","type-post","status-publish","format-standard","has-post-thumbnail","hentry","category-locales","category-policiales-locales","tag-buenos-aires","tag-interes-general-2","tag-locales","tag-policiales"],"aioseo_notices":[],"gutentor_comment":0,"jetpack_featured_media_url":"https:\/\/eldiariodesanpedro.com.ar\/sitio\/wp-content\/uploads\/2020\/09\/0000840357-1-850x491-1.jpg","jetpack_shortlink":"https:\/\/wp.me\/p6RhLt-l0w","jetpack_sharing_enabled":true,"_links":{"self":[{"href":"https:\/\/eldiariodesanpedro.com.ar\/sitio\/wp-json\/wp\/v2\/posts\/80756","targetHints":{"allow":["GET"]}}],"collection":[{"href":"https:\/\/eldiariodesanpedro.com.ar\/sitio\/wp-json\/wp\/v2\/posts"}],"about":[{"href":"https:\/\/eldiariodesanpedro.com.ar\/sitio\/wp-json\/wp\/v2\/types\/post"}],"author":[{"embeddable":true,"href":"https:\/\/eldiariodesanpedro.com.ar\/sitio\/wp-json\/wp\/v2\/users\/4"}],"replies":[{"embeddable":true,"href":"https:\/\/eldiariodesanpedro.com.ar\/sitio\/wp-json\/wp\/v2\/comments?post=80756"}],"version-history":[{"count":1,"href":"https:\/\/eldiariodesanpedro.com.ar\/sitio\/wp-json\/wp\/v2\/posts\/80756\/revisions"}],"predecessor-version":[{"id":80758,"href":"https:\/\/eldiariodesanpedro.com.ar\/sitio\/wp-json\/wp\/v2\/posts\/80756\/revisions\/80758"}],"wp:featuredmedia":[{"embeddable":true,"href":"https:\/\/eldiariodesanpedro.com.ar\/sitio\/wp-json\/wp\/v2\/media\/80757"}],"wp:attachment":[{"href":"https:\/\/eldiariodesanpedro.com.ar\/sitio\/wp-json\/wp\/v2\/media?parent=80756"}],"wp:term":[{"taxonomy":"category","embeddable":true,"href":"https:\/\/eldiariodesanpedro.com.ar\/sitio\/wp-json\/wp\/v2\/categories?post=80756"},{"taxonomy":"post_tag","embeddable":true,"href":"https:\/\/eldiariodesanpedro.com.ar\/sitio\/wp-json\/wp\/v2\/tags?post=80756"}],"curies":[{"name":"wp","href":"https:\/\/api.w.org\/{rel}","templated":true}]}}