{"id":80656,"date":"2020-09-07T18:56:08","date_gmt":"2020-09-07T21:56:08","guid":{"rendered":"https:\/\/eldiariodesanpedro.com.ar\/sitio\/?p=80656"},"modified":"2020-09-07T18:56:39","modified_gmt":"2020-09-07T21:56:39","slug":"ramallo-primer-fallecimiento-por-covid-en-perez-millan","status":"publish","type":"post","link":"https:\/\/eldiariodesanpedro.com.ar\/sitio\/ramallo-primer-fallecimiento-por-covid-en-perez-millan\/","title":{"rendered":"RAMALLO | Primer fallecimiento por covid en P\u00e9rez Mill\u00e1n"},"content":{"rendered":"<!-- VideographyWP Plugin Message: Automatic video embedding prevented by plugin options. -->\n\n<p>Walter Ruiz D\u00edaz, de 55 a\u00f1os de edad, es la primera v\u00edctima fatal de P\u00e9rez Mill\u00e1n y del partido de Ramallo contagiado de coronavirus.<\/p>\n\n\n\n<p>Ruiz D\u00edaz estuvo internado desde el 25 de agosto en el Hospital \u201cJos\u00e9 Mar\u00eda Gomendio\u201d de Ramallo y el 30 fue trasladado al Sanatorio Nuestra Se\u00f1ora del Rosario de la UOM en San Nicol\u00e1s, al agravarse su estado.<\/p>\n\n\n\n<p>El paciente hab\u00eda presentado s\u00edntomas y fue hisopado arrojando como resultado Covid-19 positivo.<\/p>\n\n\n\n<p>Ruiz D\u00edaz era vicepresidente de la Comisi\u00f3n Directiva de Bomberos Voluntarios de P\u00e9rez Mill\u00e1n y un vecino muy comprometido por el bienestar de su comunidad.<\/p>\n\n\n\n<p>Fuente: <a href=\"https:\/\/arrecifesnoticias.com\/regionales\/primer-fallecimiento-por-covid-en-perez-millan\/\">Arrecifes Noticias<\/a><\/p>\n","protected":false},"excerpt":{"rendered":"<p>Walter Ruiz D\u00edaz, de 55 a\u00f1os de edad, es la primera v\u00edctima fatal de P\u00e9rez Mill\u00e1n y del partido de Ramallo contagiado de coronavirus. Ruiz D\u00edaz estuvo internado desde el 25 de agosto en el Hospital \u201cJos\u00e9 Mar\u00eda Gomendio\u201d de Ramallo y el 30 fue trasladado al Sanatorio Nuestra Se\u00f1ora del Rosario de la UOM [&hellip;]<\/p>\n","protected":false},"author":4,"featured_media":80657,"comment_status":"open","ping_status":"closed","sticky":false,"template":"","format":"standard","meta":{"om_disable_all_campaigns":false,"_jetpack_memberships_contains_paid_content":false,"footnotes":""},"categories":[621],"tags":[197,347,681],"class_list":["post-80656","post","type-post","status-publish","format-standard","has-post-thumbnail","hentry","category-regionales","tag-buenos-aires","tag-ramallo","tag-regionales"],"aioseo_notices":[],"gutentor_comment":0,"jetpack_featured_media_url":"https:\/\/eldiariodesanpedro.com.ar\/sitio\/wp-content\/uploads\/2020\/09\/Perez-Millan.jpg","jetpack_shortlink":"https:\/\/wp.me\/p6RhLt-kYU","jetpack_sharing_enabled":true,"_links":{"self":[{"href":"https:\/\/eldiariodesanpedro.com.ar\/sitio\/wp-json\/wp\/v2\/posts\/80656","targetHints":{"allow":["GET"]}}],"collection":[{"href":"https:\/\/eldiariodesanpedro.com.ar\/sitio\/wp-json\/wp\/v2\/posts"}],"about":[{"href":"https:\/\/eldiariodesanpedro.com.ar\/sitio\/wp-json\/wp\/v2\/types\/post"}],"author":[{"embeddable":true,"href":"https:\/\/eldiariodesanpedro.com.ar\/sitio\/wp-json\/wp\/v2\/users\/4"}],"replies":[{"embeddable":true,"href":"https:\/\/eldiariodesanpedro.com.ar\/sitio\/wp-json\/wp\/v2\/comments?post=80656"}],"version-history":[{"count":2,"href":"https:\/\/eldiariodesanpedro.com.ar\/sitio\/wp-json\/wp\/v2\/posts\/80656\/revisions"}],"predecessor-version":[{"id":80659,"href":"https:\/\/eldiariodesanpedro.com.ar\/sitio\/wp-json\/wp\/v2\/posts\/80656\/revisions\/80659"}],"wp:featuredmedia":[{"embeddable":true,"href":"https:\/\/eldiariodesanpedro.com.ar\/sitio\/wp-json\/wp\/v2\/media\/80657"}],"wp:attachment":[{"href":"https:\/\/eldiariodesanpedro.com.ar\/sitio\/wp-json\/wp\/v2\/media?parent=80656"}],"wp:term":[{"taxonomy":"category","embeddable":true,"href":"https:\/\/eldiariodesanpedro.com.ar\/sitio\/wp-json\/wp\/v2\/categories?post=80656"},{"taxonomy":"post_tag","embeddable":true,"href":"https:\/\/eldiariodesanpedro.com.ar\/sitio\/wp-json\/wp\/v2\/tags?post=80656"}],"curies":[{"name":"wp","href":"https:\/\/api.w.org\/{rel}","templated":true}]}}