{"id":80638,"date":"2020-09-07T18:40:21","date_gmt":"2020-09-07T21:40:21","guid":{"rendered":"https:\/\/eldiariodesanpedro.com.ar\/sitio\/?p=80638"},"modified":"2020-09-07T18:40:24","modified_gmt":"2020-09-07T21:40:24","slug":"baradero-deje-la-puerta-sin-llave-como-todas-las-noches-y-me-robaron-el-celular-y-10-000","status":"publish","type":"post","link":"https:\/\/eldiariodesanpedro.com.ar\/sitio\/baradero-deje-la-puerta-sin-llave-como-todas-las-noches-y-me-robaron-el-celular-y-10-000\/","title":{"rendered":"BARADERO | \u00abDej\u00e9 la puerta sin llave, como todas las noches y me robaron el celular y $10.000\u00bb"},"content":{"rendered":"<!-- VideographyWP Plugin Message: Automatic video embedding prevented by plugin options. -->\n\n<p>Jes\u00fas Arias, conocido churrero de nuestra ciudad, sufri\u00f3 el robo de su celular nuevo y $10.000 en efectivo que estaban dentro de su domicilio. As\u00ed se expresaba Jes\u00fas, en&nbsp;<strong>Fm Tiempo<\/strong>:<\/p>\n\n\n\n<p><em>\u00abYo dej\u00e9 la puerta sin llave como todas las noches, porque soy un confiado. Cuando me despert\u00e9 me faltaba mi celular y los $10.000 que dej\u00e9 arriba de la mesa.\u00bb<\/em><\/p>\n\n\n\n<p><em>\u00abYo vivo en el barrio Don Pedro, por calle Libertad, atr\u00e1s de la estaci\u00f3n.\u00bb<\/em><\/p>\n\n\n\n<p><em>\u00abEstaba pagando la segunda cuota de mi celular, era un ZTE A7 modelo 2019 y estaba astillado en la parte derecha del lado de arriba.\u00bb\u00a0<\/em><\/p>\n\n\n\n<p>Fuente: <a href=\"http:\/\/tiemponoticias.com.ar\/noba\/2020\/09\/07\/deje-la-puerta-sin-llave-como-todas-las-noches-y-me-robaron-el-celular-y-10-000\/\">Tiempo Noticias<\/a><\/p>\n","protected":false},"excerpt":{"rendered":"<p>Jes\u00fas Arias, conocido churrero de nuestra ciudad, sufri\u00f3 el robo de su celular nuevo y $10.000 en efectivo que estaban dentro de su domicilio. As\u00ed se expresaba Jes\u00fas, en&nbsp;Fm Tiempo: \u00abYo dej\u00e9 la puerta sin llave como todas las noches, porque soy un confiado. Cuando me despert\u00e9 me faltaba mi celular y los $10.000 que [&hellip;]<\/p>\n","protected":false},"author":4,"featured_media":80639,"comment_status":"open","ping_status":"closed","sticky":false,"template":"","format":"standard","meta":{"om_disable_all_campaigns":false,"_jetpack_memberships_contains_paid_content":false,"footnotes":""},"categories":[621],"tags":[139,197,681],"class_list":["post-80638","post","type-post","status-publish","format-standard","has-post-thumbnail","hentry","category-regionales","tag-baradero","tag-buenos-aires","tag-regionales"],"aioseo_notices":[],"gutentor_comment":0,"jetpack_featured_media_url":"https:\/\/eldiariodesanpedro.com.ar\/sitio\/wp-content\/uploads\/2020\/09\/118889118_1507731062748225_9053124214225218147_n.jpg","jetpack_shortlink":"https:\/\/wp.me\/p6RhLt-kYC","jetpack_sharing_enabled":true,"_links":{"self":[{"href":"https:\/\/eldiariodesanpedro.com.ar\/sitio\/wp-json\/wp\/v2\/posts\/80638","targetHints":{"allow":["GET"]}}],"collection":[{"href":"https:\/\/eldiariodesanpedro.com.ar\/sitio\/wp-json\/wp\/v2\/posts"}],"about":[{"href":"https:\/\/eldiariodesanpedro.com.ar\/sitio\/wp-json\/wp\/v2\/types\/post"}],"author":[{"embeddable":true,"href":"https:\/\/eldiariodesanpedro.com.ar\/sitio\/wp-json\/wp\/v2\/users\/4"}],"replies":[{"embeddable":true,"href":"https:\/\/eldiariodesanpedro.com.ar\/sitio\/wp-json\/wp\/v2\/comments?post=80638"}],"version-history":[{"count":1,"href":"https:\/\/eldiariodesanpedro.com.ar\/sitio\/wp-json\/wp\/v2\/posts\/80638\/revisions"}],"predecessor-version":[{"id":80640,"href":"https:\/\/eldiariodesanpedro.com.ar\/sitio\/wp-json\/wp\/v2\/posts\/80638\/revisions\/80640"}],"wp:featuredmedia":[{"embeddable":true,"href":"https:\/\/eldiariodesanpedro.com.ar\/sitio\/wp-json\/wp\/v2\/media\/80639"}],"wp:attachment":[{"href":"https:\/\/eldiariodesanpedro.com.ar\/sitio\/wp-json\/wp\/v2\/media?parent=80638"}],"wp:term":[{"taxonomy":"category","embeddable":true,"href":"https:\/\/eldiariodesanpedro.com.ar\/sitio\/wp-json\/wp\/v2\/categories?post=80638"},{"taxonomy":"post_tag","embeddable":true,"href":"https:\/\/eldiariodesanpedro.com.ar\/sitio\/wp-json\/wp\/v2\/tags?post=80638"}],"curies":[{"name":"wp","href":"https:\/\/api.w.org\/{rel}","templated":true}]}}