{"id":80630,"date":"2020-09-07T18:23:20","date_gmt":"2020-09-07T21:23:20","guid":{"rendered":"https:\/\/eldiariodesanpedro.com.ar\/sitio\/?p=80630"},"modified":"2020-09-07T18:23:23","modified_gmt":"2020-09-07T21:23:23","slug":"el-intendente-aislado-por-haber-estado-en-una-reunion-con-una-persona-que-presento-sintomas","status":"publish","type":"post","link":"https:\/\/eldiariodesanpedro.com.ar\/sitio\/el-intendente-aislado-por-haber-estado-en-una-reunion-con-una-persona-que-presento-sintomas\/","title":{"rendered":"El Intendente aislado por haber estado en una reuni\u00f3n con una persona que presento s\u00edntomas"},"content":{"rendered":"<!-- VideographyWP Plugin Message: Automatic video embedding prevented by plugin options. -->\n\n<p>El Intendente Cecilio Salazar se encuentra aislado en su domicilio por ser contacto estrecho de una personas con coronavirus, pero hasta el momento no presento s\u00edntomas.<\/p>\n\n\n\n<p>Este fin de semana el Jefe comunal quedo aislado en su domicilio por ser contacto estrecho y se encuentra en buen estado general y no ha presentado ning\u00fan tipo de sintomatolog\u00eda.\u00a0<\/p>\n\n\n\n<p>\u00a0Salazar estuvo presente en una reuni\u00f3n en la ciudad de Buenos Aires el martes de la semana pasada. Al d\u00eda siguiente, uno de los participantes comenz\u00f3 a tener s\u00edntomas.<\/p>\n\n\n\n<p>Por eso quedara aislado unos d\u00edas para analizar si presenta alg\u00fan s\u00edntoma.<\/p>\n","protected":false},"excerpt":{"rendered":"<p>El Intendente Cecilio Salazar se encuentra aislado en su domicilio por ser contacto estrecho de una personas con coronavirus, pero hasta el momento no presento s\u00edntomas. Este fin de semana el Jefe comunal quedo aislado en su domicilio por ser contacto estrecho y se encuentra en buen estado general y no ha presentado ning\u00fan tipo [&hellip;]<\/p>\n","protected":false},"author":4,"featured_media":76278,"comment_status":"open","ping_status":"closed","sticky":false,"template":"","format":"standard","meta":{"om_disable_all_campaigns":false,"_jetpack_memberships_contains_paid_content":false,"footnotes":""},"categories":[50,101,2],"tags":[197,696,33],"class_list":["post-80630","post","type-post","status-publish","format-standard","has-post-thumbnail","hentry","category-destacadas","category-interes-general-locales","category-locales","tag-buenos-aires","tag-interes-general","tag-locales"],"aioseo_notices":[],"gutentor_comment":0,"jetpack_featured_media_url":"https:\/\/eldiariodesanpedro.com.ar\/sitio\/wp-content\/uploads\/2020\/06\/83063669_3077197759041545_4048717393933404231_o.jpg","jetpack_shortlink":"https:\/\/wp.me\/p6RhLt-kYu","jetpack_sharing_enabled":true,"_links":{"self":[{"href":"https:\/\/eldiariodesanpedro.com.ar\/sitio\/wp-json\/wp\/v2\/posts\/80630","targetHints":{"allow":["GET"]}}],"collection":[{"href":"https:\/\/eldiariodesanpedro.com.ar\/sitio\/wp-json\/wp\/v2\/posts"}],"about":[{"href":"https:\/\/eldiariodesanpedro.com.ar\/sitio\/wp-json\/wp\/v2\/types\/post"}],"author":[{"embeddable":true,"href":"https:\/\/eldiariodesanpedro.com.ar\/sitio\/wp-json\/wp\/v2\/users\/4"}],"replies":[{"embeddable":true,"href":"https:\/\/eldiariodesanpedro.com.ar\/sitio\/wp-json\/wp\/v2\/comments?post=80630"}],"version-history":[{"count":1,"href":"https:\/\/eldiariodesanpedro.com.ar\/sitio\/wp-json\/wp\/v2\/posts\/80630\/revisions"}],"predecessor-version":[{"id":80631,"href":"https:\/\/eldiariodesanpedro.com.ar\/sitio\/wp-json\/wp\/v2\/posts\/80630\/revisions\/80631"}],"wp:featuredmedia":[{"embeddable":true,"href":"https:\/\/eldiariodesanpedro.com.ar\/sitio\/wp-json\/wp\/v2\/media\/76278"}],"wp:attachment":[{"href":"https:\/\/eldiariodesanpedro.com.ar\/sitio\/wp-json\/wp\/v2\/media?parent=80630"}],"wp:term":[{"taxonomy":"category","embeddable":true,"href":"https:\/\/eldiariodesanpedro.com.ar\/sitio\/wp-json\/wp\/v2\/categories?post=80630"},{"taxonomy":"post_tag","embeddable":true,"href":"https:\/\/eldiariodesanpedro.com.ar\/sitio\/wp-json\/wp\/v2\/tags?post=80630"}],"curies":[{"name":"wp","href":"https:\/\/api.w.org\/{rel}","templated":true}]}}