{"id":80624,"date":"2020-09-07T17:05:42","date_gmt":"2020-09-07T20:05:42","guid":{"rendered":"https:\/\/eldiariodesanpedro.com.ar\/sitio\/?p=80624"},"modified":"2020-09-07T17:05:46","modified_gmt":"2020-09-07T20:05:46","slug":"dos-detenidos-por-contrabando-de-cigarrillos-en-el-rio-parana","status":"publish","type":"post","link":"https:\/\/eldiariodesanpedro.com.ar\/sitio\/dos-detenidos-por-contrabando-de-cigarrillos-en-el-rio-parana\/","title":{"rendered":"Dos detenidos por contrabando de cigarrillos en el r\u00edo Paran\u00e1"},"content":{"rendered":"<!-- VideographyWP Plugin Message: Automatic video embedding prevented by plugin options. -->\n\n<p>Personal de Prefectura San Pedro, Afip y la justicia Federal, lograron interceptar una embarcaci\u00f3n\u00a0\u00a0con dos tripulantes. Ambos\u00a0pretend\u00edan contrabandear varios atados de cigarros que arroj\u00f3\u00a0una barcaza en el r\u00edo y sigui\u00f3 navegando.\u00a0<\/p>\n\n\n\n<p>Minutos antes del mediod\u00eda del lunes personal de Prefectura Naval Argentina con sede en San Pedro, intercept\u00f3 una embarcaci\u00f3n a la altura del kil\u00f3metro 247 del r\u00edo Paran\u00e1, en la cual viajaban dos personas que simulaban ser pescadores.<\/p>\n\n\n\n<p>En el operativo del que tambi\u00e9n participaron la justicia Federal y Afip, se logr\u00f3 establecer que los tripulantes pretend\u00edan contrabandear varios atados de cigarrillos que al parecer, minutos antes, hab\u00edan sido arrojados desde una barcaza que nunca detuvo su marcha y continu\u00f3 navegando sin inconvenientes.&nbsp;<\/p>\n\n\n\n<p>Prefectura logr\u00f3 reducir a los falsos pescadores y trasladarlos juntos a la carga hacia la d\u00e1rsena del puerto local para continuar con las tareas de identificaci\u00f3n.<\/p>\n\n\n\n<p>Se pudo saber que los sospechosos son oriundos de la ciudad de Arrecifes y habr\u00edan arribado a la zona del puerto en un veh\u00edculo que qued\u00f3 estacionado en las inmediaciones del lugar para embarcarse y zarpar en busca de la mercader\u00eda.<\/p>\n\n\n\n<p>Los sospechosos, de quienes se ignoran dem\u00e1s detalles,\u00a0fueron trasladados a la sede judicial para ser entrevistados por las autoridades judiciales y avanzar con la investigaci\u00f3n\u00a0\u00a0\u00a0\u00a0\u00a0<\/p>\n\n\n\n<p>Fuente: <em><a href=\"https:\/\/www.sanpedroinforma.com.ar\/nota\/123640\/interes-general\/dos-detenidos-por-contrabando-de-cigarrillos-en-el-rio-parana.html\">San Pedro Informa<\/a><\/em><\/p>\n","protected":false},"excerpt":{"rendered":"<p>Personal de Prefectura San Pedro, Afip y la justicia Federal, lograron interceptar una embarcaci\u00f3n\u00a0\u00a0con dos tripulantes. Ambos\u00a0pretend\u00edan contrabandear varios atados de cigarros que arroj\u00f3\u00a0una barcaza en el r\u00edo y sigui\u00f3 navegando.\u00a0 Minutos antes del mediod\u00eda del lunes personal de Prefectura Naval Argentina con sede en San Pedro, intercept\u00f3 una embarcaci\u00f3n a la altura del kil\u00f3metro [&hellip;]<\/p>\n","protected":false},"author":4,"featured_media":80628,"comment_status":"open","ping_status":"closed","sticky":false,"template":"","format":"standard","meta":{"om_disable_all_campaigns":false,"_jetpack_memberships_contains_paid_content":false,"footnotes":""},"categories":[50,2,103],"tags":[197,1762,33,95,787,874],"class_list":["post-80624","post","type-post","status-publish","format-standard","has-post-thumbnail","hentry","category-destacadas","category-locales","category-policiales-locales","tag-buenos-aires","tag-contrabando","tag-locales","tag-policiales","tag-prefectura","tag-puerto-local"],"aioseo_notices":[],"gutentor_comment":0,"jetpack_featured_media_url":"https:\/\/eldiariodesanpedro.com.ar\/sitio\/wp-content\/uploads\/2020\/09\/000086843.jpg","jetpack_shortlink":"https:\/\/wp.me\/p6RhLt-kYo","jetpack_sharing_enabled":true,"_links":{"self":[{"href":"https:\/\/eldiariodesanpedro.com.ar\/sitio\/wp-json\/wp\/v2\/posts\/80624","targetHints":{"allow":["GET"]}}],"collection":[{"href":"https:\/\/eldiariodesanpedro.com.ar\/sitio\/wp-json\/wp\/v2\/posts"}],"about":[{"href":"https:\/\/eldiariodesanpedro.com.ar\/sitio\/wp-json\/wp\/v2\/types\/post"}],"author":[{"embeddable":true,"href":"https:\/\/eldiariodesanpedro.com.ar\/sitio\/wp-json\/wp\/v2\/users\/4"}],"replies":[{"embeddable":true,"href":"https:\/\/eldiariodesanpedro.com.ar\/sitio\/wp-json\/wp\/v2\/comments?post=80624"}],"version-history":[{"count":1,"href":"https:\/\/eldiariodesanpedro.com.ar\/sitio\/wp-json\/wp\/v2\/posts\/80624\/revisions"}],"predecessor-version":[{"id":80629,"href":"https:\/\/eldiariodesanpedro.com.ar\/sitio\/wp-json\/wp\/v2\/posts\/80624\/revisions\/80629"}],"wp:featuredmedia":[{"embeddable":true,"href":"https:\/\/eldiariodesanpedro.com.ar\/sitio\/wp-json\/wp\/v2\/media\/80628"}],"wp:attachment":[{"href":"https:\/\/eldiariodesanpedro.com.ar\/sitio\/wp-json\/wp\/v2\/media?parent=80624"}],"wp:term":[{"taxonomy":"category","embeddable":true,"href":"https:\/\/eldiariodesanpedro.com.ar\/sitio\/wp-json\/wp\/v2\/categories?post=80624"},{"taxonomy":"post_tag","embeddable":true,"href":"https:\/\/eldiariodesanpedro.com.ar\/sitio\/wp-json\/wp\/v2\/tags?post=80624"}],"curies":[{"name":"wp","href":"https:\/\/api.w.org\/{rel}","templated":true}]}}