{"id":80618,"date":"2020-09-07T11:52:51","date_gmt":"2020-09-07T14:52:51","guid":{"rendered":"https:\/\/eldiariodesanpedro.com.ar\/sitio\/?p=80618"},"modified":"2020-09-07T12:35:19","modified_gmt":"2020-09-07T15:35:19","slug":"la-cruda-realidad-de-las-terapias-intensivas-en-san-pedro","status":"publish","type":"post","link":"https:\/\/eldiariodesanpedro.com.ar\/sitio\/la-cruda-realidad-de-las-terapias-intensivas-en-san-pedro\/","title":{"rendered":"La cruda realidad de las terapias intensivas en San Pedro"},"content":{"rendered":"<!-- VideographyWP Plugin Message: Automatic video embedding prevented by plugin options. -->\n\n<p>En la etapa m\u00e1s delicada de la pandemia la jefa de terapia intensiva del Hospital \u201cEmilio Ruffa\u201d brind\u00f3 un panorama real de lo que sucede en la ciudad, con un pron\u00f3stico complicado pero posible de revertir si se lo toma con responsabilidad.<\/p>\n\n\n\n<p>En medio de la pandemia la situaci\u00f3n de las terapias intensivas de San Pedro no escapan a una cruda realidad que se puede evitar si se la toma con la responsabilidad necesaria.<\/p>\n\n\n\n<p>La Dra. Ver\u00f3nica Maccagno est\u00e1 a cargo de la terapia intensiva del Hospital \u201cEmilio Ruffa\u201d y fue quien cont\u00f3 c\u00f3mo la est\u00e1n pasando junto a sus colegas y las graves consecuencias que puede originar al paciente si no se toma conciencia de lo que es capaz de generar el covid-19. &nbsp;<\/p>\n\n\n\n<p>\u201cEsta pandemia sobrepaso a todos y estamos cansados. Te cansa el tema de cambiado y descambiado, te cansan las cosas nuevas del protocolo, todo el tiempo hay que estar leyendo y aprendiendo, pero cuando llegamos a esta instancia es complicado porque estamos hablando de gravedad y cercan\u00eda con la muerte\u201d, remarc\u00f3 la profesional.<\/p>\n\n\n\n<p>&nbsp;\u201cNosotros tenemos que cumplir todas las guardias de terapistas\u201d, advirti\u00f3. \u201cSan Pedro tiene tres terapistas para toda la ciudad, adem\u00e1s hay que estar las 24 horas disponible\u201d, \u201cPor eso decimos que estamos sobre exigidos por el trabajo y no hay mucha disponibilidad de gente\u201d. \u201cUno no puede estar de pasivo en la guardia\u201d, agreg\u00f3.<\/p>\n\n\n\n<p>\u201cEstamos agotados porque tenemos que hacer un mont\u00f3n de guardias, cubrirnos, rotarnos, por ejemplo: Ac\u00e1 hay muchos m\u00e9dicos que est\u00e1n yendo a las tres terapias\u201d. \u201cLa realidad es que si no est\u00e1 el terapista no hay el plan B\u201d.<\/p>\n\n\n\n<p>Sobre la ocupaci\u00f3n de camas en el hospital la profesional adelant\u00f3: \u201cHasta hace unos d\u00edas ten\u00edamos las camas de terapia covid llenas, no nos pas\u00f3 que faltaran, pero estaban todas llenas\u201d.<\/p>\n\n\n\n<p>\u201cEs duro decirlo pero en realidad cuando un paciente ingresa a terapia intensiva es para un respirador y cuando entran en respirador la mortalidad del paciente es alt\u00edsima\u201d, asegur\u00f3 Maccagno.<\/p>\n\n\n\n<p>En cuanto al cumplimiento de la cuarentena y la responsabilidad con que la comunidad tom\u00f3 est\u00e1 etapa, la profesional coment\u00f3: \u201cPrimero sent\u00ed mucha indignaci\u00f3n, despu\u00e9s son los mismos que nos reclaman que se salve a la gente, entonces deber\u00edamos ser m\u00e1s responsables\u201d.<\/p>\n\n\n\n<p>\u201cLa mayor\u00eda de la gente que anda es la gente joven y a lo mejor lo pasan sin problemas, pero est\u00e1n en contacto con gente mayor y eso les puede traer problemas\u201d.<\/p>\n\n\n\n<p>\u201cDe los que entran a terapia y llegan al respirador en un alto porcentaje fallecen, y de los que entran a sala solo el 10% pasa a terapia\u201d, asegur\u00f3 la doctora.<\/p>\n\n\n\n<p>\u201cEs muy lindo hablar de estad\u00edsticas pero para esa familia que pierde un ser querido es el 100%, por eso digo que tenemos que cuidarnos, ser responsables. El numerito parece ser bajo pero no va a ser bajo si es un familiar\u201d.<\/p>\n\n\n\n<p>Con respecto a los cuidados que deben tener los profesionales involucrados con el sistema manifest\u00f3: \u201cHubo profesionales contagiados pero del personal que toma contacto a diario con los pacientes no, eso quiere decir que se cuidaron bien. Tratamos de cuidarnos mucho\u201d.<\/p>\n\n\n\n<p>Fuente: <a href=\"https:\/\/www.sanpedroinforma.com.ar\/nota\/123637\/spi\/la-cruda-realidad-de-las-terapias-intensivas-en-san-pedro.html\">San Pedro Informa<\/a><\/p>\n","protected":false},"excerpt":{"rendered":"<p>En la etapa m\u00e1s delicada de la pandemia la jefa de terapia intensiva del Hospital \u201cEmilio Ruffa\u201d brind\u00f3 un panorama real de lo que sucede en la ciudad, con un pron\u00f3stico complicado pero posible de revertir si se lo toma con responsabilidad. En medio de la pandemia la situaci\u00f3n de las terapias intensivas de San [&hellip;]<\/p>\n","protected":false},"author":4,"featured_media":80619,"comment_status":"open","ping_status":"closed","sticky":false,"template":"","format":"standard","meta":{"om_disable_all_campaigns":false,"_jetpack_memberships_contains_paid_content":false,"footnotes":""},"categories":[50,101,2],"tags":[197,696,33],"class_list":["post-80618","post","type-post","status-publish","format-standard","has-post-thumbnail","hentry","category-destacadas","category-interes-general-locales","category-locales","tag-buenos-aires","tag-interes-general","tag-locales"],"aioseo_notices":[],"gutentor_comment":0,"jetpack_featured_media_url":"https:\/\/eldiariodesanpedro.com.ar\/sitio\/wp-content\/uploads\/2020\/09\/000086819.jpg","jetpack_shortlink":"https:\/\/wp.me\/p6RhLt-kYi","jetpack_sharing_enabled":true,"_links":{"self":[{"href":"https:\/\/eldiariodesanpedro.com.ar\/sitio\/wp-json\/wp\/v2\/posts\/80618","targetHints":{"allow":["GET"]}}],"collection":[{"href":"https:\/\/eldiariodesanpedro.com.ar\/sitio\/wp-json\/wp\/v2\/posts"}],"about":[{"href":"https:\/\/eldiariodesanpedro.com.ar\/sitio\/wp-json\/wp\/v2\/types\/post"}],"author":[{"embeddable":true,"href":"https:\/\/eldiariodesanpedro.com.ar\/sitio\/wp-json\/wp\/v2\/users\/4"}],"replies":[{"embeddable":true,"href":"https:\/\/eldiariodesanpedro.com.ar\/sitio\/wp-json\/wp\/v2\/comments?post=80618"}],"version-history":[{"count":2,"href":"https:\/\/eldiariodesanpedro.com.ar\/sitio\/wp-json\/wp\/v2\/posts\/80618\/revisions"}],"predecessor-version":[{"id":80623,"href":"https:\/\/eldiariodesanpedro.com.ar\/sitio\/wp-json\/wp\/v2\/posts\/80618\/revisions\/80623"}],"wp:featuredmedia":[{"embeddable":true,"href":"https:\/\/eldiariodesanpedro.com.ar\/sitio\/wp-json\/wp\/v2\/media\/80619"}],"wp:attachment":[{"href":"https:\/\/eldiariodesanpedro.com.ar\/sitio\/wp-json\/wp\/v2\/media?parent=80618"}],"wp:term":[{"taxonomy":"category","embeddable":true,"href":"https:\/\/eldiariodesanpedro.com.ar\/sitio\/wp-json\/wp\/v2\/categories?post=80618"},{"taxonomy":"post_tag","embeddable":true,"href":"https:\/\/eldiariodesanpedro.com.ar\/sitio\/wp-json\/wp\/v2\/tags?post=80618"}],"curies":[{"name":"wp","href":"https:\/\/api.w.org\/{rel}","templated":true}]}}