{"id":80605,"date":"2020-09-07T11:43:06","date_gmt":"2020-09-07T14:43:06","guid":{"rendered":"https:\/\/eldiariodesanpedro.com.ar\/sitio\/?p=80605"},"modified":"2020-09-07T11:43:10","modified_gmt":"2020-09-07T14:43:10","slug":"relevamiento-de-prefectura-y-bomberos-en-la-zona-de-islas","status":"publish","type":"post","link":"https:\/\/eldiariodesanpedro.com.ar\/sitio\/relevamiento-de-prefectura-y-bomberos-en-la-zona-de-islas\/","title":{"rendered":"Relevamiento de Prefectura y Bomberos en la zona de Islas"},"content":{"rendered":"<!-- VideographyWP Plugin Message: Automatic video embedding prevented by plugin options. -->\n\n<p>Una comisi\u00f3n integrada por prefecturianos y bomberos efectu\u00f3\u00a0una recorrida por la zona de\u00a0islas afectadas por el fuego desatado semanas atr\u00e1s.\u00a0<\/p>\n\n\n\n<p>Personal de Prefectura Naval Argentina sede San Pedro, y Bomberos Voluntarios San Pedro,\u00a0realizaron un relevamiento en la zona de islas.\u00a0La finalidad del recorrido fue el de ver el estado en que se encontraban los lugares donde hubo focos de incendio en los \u00faltimos d\u00edas y las consecuencias que podr\u00eda haber dejado.\u00a0<\/p>\n\n\n\n<p>A cargo de la embarcaci\u00f3n de la Prefectura local estuvo la Oficial ayudante\u00a0Abigail\u00a0Escobar, el timonel\u00a0Cabo Primero Anibal C\u00e1ceres y el Cabo Segundo Ezequiel Sosa;\u00a0mientras que el personal de Bomberos Voluntarios de San Pedro destacado en dicha tarea\u00a0fue a cargo del Sub Oficial Principal Marcos Varela y el Bombero Eduardo Aranda.<\/p>\n\n\n\n<p><\/p>\n","protected":false},"excerpt":{"rendered":"<p>Una comisi\u00f3n integrada por prefecturianos y bomberos efectu\u00f3\u00a0una recorrida por la zona de\u00a0islas afectadas por el fuego desatado semanas atr\u00e1s.\u00a0 Personal de Prefectura Naval Argentina sede San Pedro, y Bomberos Voluntarios San Pedro,\u00a0realizaron un relevamiento en la zona de islas.\u00a0La finalidad del recorrido fue el de ver el estado en que se encontraban los lugares [&hellip;]<\/p>\n","protected":false},"author":4,"featured_media":80606,"comment_status":"open","ping_status":"closed","sticky":false,"template":"","format":"standard","meta":{"om_disable_all_campaigns":false,"_jetpack_memberships_contains_paid_content":false,"footnotes":""},"categories":[50,101,2],"tags":[197,1198,33],"class_list":["post-80605","post","type-post","status-publish","format-standard","has-post-thumbnail","hentry","category-destacadas","category-interes-general-locales","category-locales","tag-buenos-aires","tag-interes-generak","tag-locales"],"aioseo_notices":[],"gutentor_comment":0,"jetpack_featured_media_url":"https:\/\/eldiariodesanpedro.com.ar\/sitio\/wp-content\/uploads\/2020\/09\/000086835.jpg","jetpack_shortlink":"https:\/\/wp.me\/p6RhLt-kY5","jetpack_sharing_enabled":true,"_links":{"self":[{"href":"https:\/\/eldiariodesanpedro.com.ar\/sitio\/wp-json\/wp\/v2\/posts\/80605","targetHints":{"allow":["GET"]}}],"collection":[{"href":"https:\/\/eldiariodesanpedro.com.ar\/sitio\/wp-json\/wp\/v2\/posts"}],"about":[{"href":"https:\/\/eldiariodesanpedro.com.ar\/sitio\/wp-json\/wp\/v2\/types\/post"}],"author":[{"embeddable":true,"href":"https:\/\/eldiariodesanpedro.com.ar\/sitio\/wp-json\/wp\/v2\/users\/4"}],"replies":[{"embeddable":true,"href":"https:\/\/eldiariodesanpedro.com.ar\/sitio\/wp-json\/wp\/v2\/comments?post=80605"}],"version-history":[{"count":1,"href":"https:\/\/eldiariodesanpedro.com.ar\/sitio\/wp-json\/wp\/v2\/posts\/80605\/revisions"}],"predecessor-version":[{"id":80607,"href":"https:\/\/eldiariodesanpedro.com.ar\/sitio\/wp-json\/wp\/v2\/posts\/80605\/revisions\/80607"}],"wp:featuredmedia":[{"embeddable":true,"href":"https:\/\/eldiariodesanpedro.com.ar\/sitio\/wp-json\/wp\/v2\/media\/80606"}],"wp:attachment":[{"href":"https:\/\/eldiariodesanpedro.com.ar\/sitio\/wp-json\/wp\/v2\/media?parent=80605"}],"wp:term":[{"taxonomy":"category","embeddable":true,"href":"https:\/\/eldiariodesanpedro.com.ar\/sitio\/wp-json\/wp\/v2\/categories?post=80605"},{"taxonomy":"post_tag","embeddable":true,"href":"https:\/\/eldiariodesanpedro.com.ar\/sitio\/wp-json\/wp\/v2\/tags?post=80605"}],"curies":[{"name":"wp","href":"https:\/\/api.w.org\/{rel}","templated":true}]}}