{"id":80603,"date":"2020-09-07T11:47:37","date_gmt":"2020-09-07T14:47:37","guid":{"rendered":"https:\/\/eldiariodesanpedro.com.ar\/sitio\/?p=80603"},"modified":"2020-09-07T11:47:40","modified_gmt":"2020-09-07T14:47:40","slug":"mas-de-100-kilos-de-carne-y-varias-armas-de-fuego-secuestradas-en-allanamiento","status":"publish","type":"post","link":"https:\/\/eldiariodesanpedro.com.ar\/sitio\/mas-de-100-kilos-de-carne-y-varias-armas-de-fuego-secuestradas-en-allanamiento\/","title":{"rendered":"Mas de 100 kilos de carne y varias armas de fuego secuestradas en allanamiento"},"content":{"rendered":"<!-- VideographyWP Plugin Message: Automatic video embedding prevented by plugin options. -->\n\n<p>Tras un hecho ocurrido en un campo ubicado en cercan\u00edas de la ex ruta 9 el pasado jueves donde en horas de la madrugada delincuentes realizaron la faena de una vaca siendo denunciado por el propietario.<\/p>\n\n\n\n<p>El dia viernes el personal policial del Destacamento de R\u00edo Tala, tras averiguaciones practicadas pro la denuncia de abigeato y dando cumplimiento a \u00f3rdenes de allanamiento libradas por el juzgado de turno a requerimiento de la fiscal\u00eda interviniente, se hacen presentes en calle Los Sauces de esa localidad, se aprehende a masculino mayor de edad y al secuestro de catorce cuchillos, tres machetes, dos chairas y doce kilos de cortes c\u00e1rnicos vacunos.&nbsp;<\/p>\n\n\n\n<p>El dia sabado en horas de la madrugada continuando con las averiguaciones practicadas y tareas de campo encubiertas por el destacamento de R\u00edo Tala, se logra individualizar imputados y dando cumplimiento \u00f3rdenes de allanamiento y detenci\u00f3n, el personal del Dto R\u00edo Tala, Dto La Tosquera, Dto Gdor Castro, GTO Cria San Pedro, G.A.D, en cuatro domicilio de esa localidad, donde se detienen a tres de los sindicados y aprehensi\u00f3n de un cuatro que se le secuestraron elementos probatorios en su morada.&nbsp;<\/p>\n\n\n\n<p>En relaci\u00f3n a los secuestros, en todos los lugares se secuestraron elementos probatorios, como ser una carabina 22 largo, escopeta calibre 16, elementos de corte, cartucher\u00eda, un freezer y 100 kilos de cortes c\u00e1rnicos vacuno, secuestro de cargadores calibre 22, secuestro de una carabina cal 22 largo, elementos de corte, proyectiles y 50 kg cortes c\u00e1rnicos vacunos.\u00a0<\/p>\n\n\n\n<figure class=\"wp-block-image size-large\"><img decoding=\"async\" width=\"1024\" height=\"724\" data-attachment-id=\"80615\" data-permalink=\"https:\/\/eldiariodesanpedro.com.ar\/sitio\/mas-de-100-kilos-de-carne-y-varias-armas-de-fuego-secuestradas-en-allanamiento\/whatsapp-image-2020-09-07-at-11-38-29-1\/\" data-orig-file=\"https:\/\/eldiariodesanpedro.com.ar\/sitio\/wp-content\/uploads\/2020\/09\/WhatsApp-Image-2020-09-07-at-11.38.29-1.jpeg\" data-orig-size=\"1280,905\" data-comments-opened=\"1\" data-image-meta=\"{&quot;aperture&quot;:&quot;0&quot;,&quot;credit&quot;:&quot;&quot;,&quot;camera&quot;:&quot;&quot;,&quot;caption&quot;:&quot;&quot;,&quot;created_timestamp&quot;:&quot;0&quot;,&quot;copyright&quot;:&quot;&quot;,&quot;focal_length&quot;:&quot;0&quot;,&quot;iso&quot;:&quot;0&quot;,&quot;shutter_speed&quot;:&quot;0&quot;,&quot;title&quot;:&quot;&quot;,&quot;orientation&quot;:&quot;0&quot;}\" data-image-title=\"WhatsApp Image 2020-09-07 at 11.38.29 (1)\" data-image-description=\"\" data-image-caption=\"\" data-large-file=\"https:\/\/eldiariodesanpedro.com.ar\/sitio\/wp-content\/uploads\/2020\/09\/WhatsApp-Image-2020-09-07-at-11.38.29-1-1024x724.jpeg\" data-src=\"https:\/\/eldiariodesanpedro.com.ar\/sitio\/wp-content\/uploads\/2020\/09\/WhatsApp-Image-2020-09-07-at-11.38.29-1-1024x724.jpeg\" alt=\"\" class=\"wp-image-80615 lazyload\" data-srcset=\"https:\/\/eldiariodesanpedro.com.ar\/sitio\/wp-content\/uploads\/2020\/09\/WhatsApp-Image-2020-09-07-at-11.38.29-1-1024x724.jpeg 1024w, https:\/\/eldiariodesanpedro.com.ar\/sitio\/wp-content\/uploads\/2020\/09\/WhatsApp-Image-2020-09-07-at-11.38.29-1-300x212.jpeg 300w, https:\/\/eldiariodesanpedro.com.ar\/sitio\/wp-content\/uploads\/2020\/09\/WhatsApp-Image-2020-09-07-at-11.38.29-1-768x543.jpeg 768w, https:\/\/eldiariodesanpedro.com.ar\/sitio\/wp-content\/uploads\/2020\/09\/WhatsApp-Image-2020-09-07-at-11.38.29-1.jpeg 1280w\" data-sizes=\"(max-width: 1024px) 100vw, 1024px\" src=\"data:image\/svg+xml;base64,PHN2ZyB3aWR0aD0iMSIgaGVpZ2h0PSIxIiB4bWxucz0iaHR0cDovL3d3dy53My5vcmcvMjAwMC9zdmciPjwvc3ZnPg==\" style=\"--smush-placeholder-width: 1024px; --smush-placeholder-aspect-ratio: 1024\/724;\" \/><\/figure>\n\n\n\n<figure class=\"wp-block-image size-large\"><img decoding=\"async\" width=\"1024\" height=\"576\" data-attachment-id=\"80616\" data-permalink=\"https:\/\/eldiariodesanpedro.com.ar\/sitio\/mas-de-100-kilos-de-carne-y-varias-armas-de-fuego-secuestradas-en-allanamiento\/whatsapp-image-2020-09-07-at-11-38-29\/\" data-orig-file=\"https:\/\/eldiariodesanpedro.com.ar\/sitio\/wp-content\/uploads\/2020\/09\/WhatsApp-Image-2020-09-07-at-11.38.29.jpeg\" data-orig-size=\"1280,720\" data-comments-opened=\"1\" data-image-meta=\"{&quot;aperture&quot;:&quot;0&quot;,&quot;credit&quot;:&quot;&quot;,&quot;camera&quot;:&quot;&quot;,&quot;caption&quot;:&quot;&quot;,&quot;created_timestamp&quot;:&quot;0&quot;,&quot;copyright&quot;:&quot;&quot;,&quot;focal_length&quot;:&quot;0&quot;,&quot;iso&quot;:&quot;0&quot;,&quot;shutter_speed&quot;:&quot;0&quot;,&quot;title&quot;:&quot;&quot;,&quot;orientation&quot;:&quot;0&quot;}\" data-image-title=\"WhatsApp Image 2020-09-07 at 11.38.29\" data-image-description=\"\" data-image-caption=\"\" data-large-file=\"https:\/\/eldiariodesanpedro.com.ar\/sitio\/wp-content\/uploads\/2020\/09\/WhatsApp-Image-2020-09-07-at-11.38.29-1024x576.jpeg\" data-src=\"https:\/\/eldiariodesanpedro.com.ar\/sitio\/wp-content\/uploads\/2020\/09\/WhatsApp-Image-2020-09-07-at-11.38.29-1024x576.jpeg\" alt=\"\" class=\"wp-image-80616 lazyload\" data-srcset=\"https:\/\/eldiariodesanpedro.com.ar\/sitio\/wp-content\/uploads\/2020\/09\/WhatsApp-Image-2020-09-07-at-11.38.29-1024x576.jpeg 1024w, https:\/\/eldiariodesanpedro.com.ar\/sitio\/wp-content\/uploads\/2020\/09\/WhatsApp-Image-2020-09-07-at-11.38.29-300x169.jpeg 300w, https:\/\/eldiariodesanpedro.com.ar\/sitio\/wp-content\/uploads\/2020\/09\/WhatsApp-Image-2020-09-07-at-11.38.29-768x432.jpeg 768w, https:\/\/eldiariodesanpedro.com.ar\/sitio\/wp-content\/uploads\/2020\/09\/WhatsApp-Image-2020-09-07-at-11.38.29-800x450.jpeg 800w, https:\/\/eldiariodesanpedro.com.ar\/sitio\/wp-content\/uploads\/2020\/09\/WhatsApp-Image-2020-09-07-at-11.38.29.jpeg 1280w\" data-sizes=\"(max-width: 1024px) 100vw, 1024px\" src=\"data:image\/svg+xml;base64,PHN2ZyB3aWR0aD0iMSIgaGVpZ2h0PSIxIiB4bWxucz0iaHR0cDovL3d3dy53My5vcmcvMjAwMC9zdmciPjwvc3ZnPg==\" style=\"--smush-placeholder-width: 1024px; --smush-placeholder-aspect-ratio: 1024\/576;\" \/><\/figure>\n\n\n\n<figure class=\"wp-block-image size-large\"><img decoding=\"async\" width=\"1024\" height=\"768\" data-attachment-id=\"80614\" data-permalink=\"https:\/\/eldiariodesanpedro.com.ar\/sitio\/mas-de-100-kilos-de-carne-y-varias-armas-de-fuego-secuestradas-en-allanamiento\/whatsapp-image-2020-09-07-at-11-38-29-2\/\" data-orig-file=\"https:\/\/eldiariodesanpedro.com.ar\/sitio\/wp-content\/uploads\/2020\/09\/WhatsApp-Image-2020-09-07-at-11.38.29-2.jpeg\" data-orig-size=\"1032,774\" data-comments-opened=\"1\" data-image-meta=\"{&quot;aperture&quot;:&quot;0&quot;,&quot;credit&quot;:&quot;&quot;,&quot;camera&quot;:&quot;&quot;,&quot;caption&quot;:&quot;&quot;,&quot;created_timestamp&quot;:&quot;0&quot;,&quot;copyright&quot;:&quot;&quot;,&quot;focal_length&quot;:&quot;0&quot;,&quot;iso&quot;:&quot;0&quot;,&quot;shutter_speed&quot;:&quot;0&quot;,&quot;title&quot;:&quot;&quot;,&quot;orientation&quot;:&quot;0&quot;}\" data-image-title=\"WhatsApp Image 2020-09-07 at 11.38.29 (2)\" data-image-description=\"\" data-image-caption=\"\" data-large-file=\"https:\/\/eldiariodesanpedro.com.ar\/sitio\/wp-content\/uploads\/2020\/09\/WhatsApp-Image-2020-09-07-at-11.38.29-2-1024x768.jpeg\" data-src=\"https:\/\/eldiariodesanpedro.com.ar\/sitio\/wp-content\/uploads\/2020\/09\/WhatsApp-Image-2020-09-07-at-11.38.29-2-1024x768.jpeg\" alt=\"\" class=\"wp-image-80614 lazyload\" data-srcset=\"https:\/\/eldiariodesanpedro.com.ar\/sitio\/wp-content\/uploads\/2020\/09\/WhatsApp-Image-2020-09-07-at-11.38.29-2-1024x768.jpeg 1024w, https:\/\/eldiariodesanpedro.com.ar\/sitio\/wp-content\/uploads\/2020\/09\/WhatsApp-Image-2020-09-07-at-11.38.29-2-300x225.jpeg 300w, https:\/\/eldiariodesanpedro.com.ar\/sitio\/wp-content\/uploads\/2020\/09\/WhatsApp-Image-2020-09-07-at-11.38.29-2-768x576.jpeg 768w, https:\/\/eldiariodesanpedro.com.ar\/sitio\/wp-content\/uploads\/2020\/09\/WhatsApp-Image-2020-09-07-at-11.38.29-2-500x375.jpeg 500w, https:\/\/eldiariodesanpedro.com.ar\/sitio\/wp-content\/uploads\/2020\/09\/WhatsApp-Image-2020-09-07-at-11.38.29-2.jpeg 1032w\" data-sizes=\"(max-width: 1024px) 100vw, 1024px\" src=\"data:image\/svg+xml;base64,PHN2ZyB3aWR0aD0iMSIgaGVpZ2h0PSIxIiB4bWxucz0iaHR0cDovL3d3dy53My5vcmcvMjAwMC9zdmciPjwvc3ZnPg==\" style=\"--smush-placeholder-width: 1024px; --smush-placeholder-aspect-ratio: 1024\/768;\" \/><\/figure>\n\n\n\n<figure class=\"wp-block-image size-large\"><img decoding=\"async\" width=\"768\" height=\"1024\" data-attachment-id=\"80612\" data-permalink=\"https:\/\/eldiariodesanpedro.com.ar\/sitio\/mas-de-100-kilos-de-carne-y-varias-armas-de-fuego-secuestradas-en-allanamiento\/whatsapp-image-2020-09-07-at-11-38-28-1\/\" data-orig-file=\"https:\/\/eldiariodesanpedro.com.ar\/sitio\/wp-content\/uploads\/2020\/09\/WhatsApp-Image-2020-09-07-at-11.38.28-1.jpeg\" data-orig-size=\"774,1032\" data-comments-opened=\"1\" data-image-meta=\"{&quot;aperture&quot;:&quot;0&quot;,&quot;credit&quot;:&quot;&quot;,&quot;camera&quot;:&quot;&quot;,&quot;caption&quot;:&quot;&quot;,&quot;created_timestamp&quot;:&quot;0&quot;,&quot;copyright&quot;:&quot;&quot;,&quot;focal_length&quot;:&quot;0&quot;,&quot;iso&quot;:&quot;0&quot;,&quot;shutter_speed&quot;:&quot;0&quot;,&quot;title&quot;:&quot;&quot;,&quot;orientation&quot;:&quot;0&quot;}\" data-image-title=\"WhatsApp Image 2020-09-07 at 11.38.28 (1)\" data-image-description=\"\" data-image-caption=\"\" data-large-file=\"https:\/\/eldiariodesanpedro.com.ar\/sitio\/wp-content\/uploads\/2020\/09\/WhatsApp-Image-2020-09-07-at-11.38.28-1-768x1024.jpeg\" data-src=\"https:\/\/eldiariodesanpedro.com.ar\/sitio\/wp-content\/uploads\/2020\/09\/WhatsApp-Image-2020-09-07-at-11.38.28-1-768x1024.jpeg\" alt=\"\" class=\"wp-image-80612 lazyload\" data-srcset=\"https:\/\/eldiariodesanpedro.com.ar\/sitio\/wp-content\/uploads\/2020\/09\/WhatsApp-Image-2020-09-07-at-11.38.28-1-768x1024.jpeg 768w, https:\/\/eldiariodesanpedro.com.ar\/sitio\/wp-content\/uploads\/2020\/09\/WhatsApp-Image-2020-09-07-at-11.38.28-1-225x300.jpeg 225w, https:\/\/eldiariodesanpedro.com.ar\/sitio\/wp-content\/uploads\/2020\/09\/WhatsApp-Image-2020-09-07-at-11.38.28-1.jpeg 774w\" data-sizes=\"(max-width: 768px) 100vw, 768px\" src=\"data:image\/svg+xml;base64,PHN2ZyB3aWR0aD0iMSIgaGVpZ2h0PSIxIiB4bWxucz0iaHR0cDovL3d3dy53My5vcmcvMjAwMC9zdmciPjwvc3ZnPg==\" style=\"--smush-placeholder-width: 768px; --smush-placeholder-aspect-ratio: 768\/1024;\" \/><\/figure>\n\n\n\n<figure class=\"wp-block-image size-large\"><img decoding=\"async\" width=\"768\" height=\"1024\" data-attachment-id=\"80611\" data-permalink=\"https:\/\/eldiariodesanpedro.com.ar\/sitio\/mas-de-100-kilos-de-carne-y-varias-armas-de-fuego-secuestradas-en-allanamiento\/whatsapp-image-2020-09-07-at-11-38-27\/\" data-orig-file=\"https:\/\/eldiariodesanpedro.com.ar\/sitio\/wp-content\/uploads\/2020\/09\/WhatsApp-Image-2020-09-07-at-11.38.27.jpeg\" data-orig-size=\"960,1280\" data-comments-opened=\"1\" data-image-meta=\"{&quot;aperture&quot;:&quot;0&quot;,&quot;credit&quot;:&quot;&quot;,&quot;camera&quot;:&quot;&quot;,&quot;caption&quot;:&quot;&quot;,&quot;created_timestamp&quot;:&quot;0&quot;,&quot;copyright&quot;:&quot;&quot;,&quot;focal_length&quot;:&quot;0&quot;,&quot;iso&quot;:&quot;0&quot;,&quot;shutter_speed&quot;:&quot;0&quot;,&quot;title&quot;:&quot;&quot;,&quot;orientation&quot;:&quot;0&quot;}\" data-image-title=\"WhatsApp Image 2020-09-07 at 11.38.27\" data-image-description=\"\" data-image-caption=\"\" data-large-file=\"https:\/\/eldiariodesanpedro.com.ar\/sitio\/wp-content\/uploads\/2020\/09\/WhatsApp-Image-2020-09-07-at-11.38.27-768x1024.jpeg\" data-src=\"https:\/\/eldiariodesanpedro.com.ar\/sitio\/wp-content\/uploads\/2020\/09\/WhatsApp-Image-2020-09-07-at-11.38.27-768x1024.jpeg\" alt=\"\" class=\"wp-image-80611 lazyload\" data-srcset=\"https:\/\/eldiariodesanpedro.com.ar\/sitio\/wp-content\/uploads\/2020\/09\/WhatsApp-Image-2020-09-07-at-11.38.27-768x1024.jpeg 768w, https:\/\/eldiariodesanpedro.com.ar\/sitio\/wp-content\/uploads\/2020\/09\/WhatsApp-Image-2020-09-07-at-11.38.27-225x300.jpeg 225w, https:\/\/eldiariodesanpedro.com.ar\/sitio\/wp-content\/uploads\/2020\/09\/WhatsApp-Image-2020-09-07-at-11.38.27.jpeg 960w\" data-sizes=\"(max-width: 768px) 100vw, 768px\" src=\"data:image\/svg+xml;base64,PHN2ZyB3aWR0aD0iMSIgaGVpZ2h0PSIxIiB4bWxucz0iaHR0cDovL3d3dy53My5vcmcvMjAwMC9zdmciPjwvc3ZnPg==\" style=\"--smush-placeholder-width: 768px; --smush-placeholder-aspect-ratio: 768\/1024;\" \/><\/figure>\n\n\n\n<figure class=\"wp-block-image size-large\"><img decoding=\"async\" width=\"768\" height=\"1024\" data-attachment-id=\"80610\" data-permalink=\"https:\/\/eldiariodesanpedro.com.ar\/sitio\/mas-de-100-kilos-de-carne-y-varias-armas-de-fuego-secuestradas-en-allanamiento\/whatsapp-image-2020-09-07-at-11-38-28-2\/\" data-orig-file=\"https:\/\/eldiariodesanpedro.com.ar\/sitio\/wp-content\/uploads\/2020\/09\/WhatsApp-Image-2020-09-07-at-11.38.28-2.jpeg\" data-orig-size=\"774,1032\" data-comments-opened=\"1\" data-image-meta=\"{&quot;aperture&quot;:&quot;0&quot;,&quot;credit&quot;:&quot;&quot;,&quot;camera&quot;:&quot;&quot;,&quot;caption&quot;:&quot;&quot;,&quot;created_timestamp&quot;:&quot;0&quot;,&quot;copyright&quot;:&quot;&quot;,&quot;focal_length&quot;:&quot;0&quot;,&quot;iso&quot;:&quot;0&quot;,&quot;shutter_speed&quot;:&quot;0&quot;,&quot;title&quot;:&quot;&quot;,&quot;orientation&quot;:&quot;0&quot;}\" data-image-title=\"WhatsApp Image 2020-09-07 at 11.38.28 (2)\" data-image-description=\"\" data-image-caption=\"\" data-large-file=\"https:\/\/eldiariodesanpedro.com.ar\/sitio\/wp-content\/uploads\/2020\/09\/WhatsApp-Image-2020-09-07-at-11.38.28-2-768x1024.jpeg\" data-src=\"https:\/\/eldiariodesanpedro.com.ar\/sitio\/wp-content\/uploads\/2020\/09\/WhatsApp-Image-2020-09-07-at-11.38.28-2-768x1024.jpeg\" alt=\"\" class=\"wp-image-80610 lazyload\" data-srcset=\"https:\/\/eldiariodesanpedro.com.ar\/sitio\/wp-content\/uploads\/2020\/09\/WhatsApp-Image-2020-09-07-at-11.38.28-2-768x1024.jpeg 768w, https:\/\/eldiariodesanpedro.com.ar\/sitio\/wp-content\/uploads\/2020\/09\/WhatsApp-Image-2020-09-07-at-11.38.28-2-225x300.jpeg 225w, https:\/\/eldiariodesanpedro.com.ar\/sitio\/wp-content\/uploads\/2020\/09\/WhatsApp-Image-2020-09-07-at-11.38.28-2.jpeg 774w\" data-sizes=\"(max-width: 768px) 100vw, 768px\" src=\"data:image\/svg+xml;base64,PHN2ZyB3aWR0aD0iMSIgaGVpZ2h0PSIxIiB4bWxucz0iaHR0cDovL3d3dy53My5vcmcvMjAwMC9zdmciPjwvc3ZnPg==\" style=\"--smush-placeholder-width: 768px; --smush-placeholder-aspect-ratio: 768\/1024;\" \/><\/figure>\n\n\n\n<figure class=\"wp-block-image size-large\"><img decoding=\"async\" width=\"768\" height=\"1024\" data-attachment-id=\"80609\" data-permalink=\"https:\/\/eldiariodesanpedro.com.ar\/sitio\/mas-de-100-kilos-de-carne-y-varias-armas-de-fuego-secuestradas-en-allanamiento\/whatsapp-image-2020-09-07-at-11-38-28-3\/\" data-orig-file=\"https:\/\/eldiariodesanpedro.com.ar\/sitio\/wp-content\/uploads\/2020\/09\/WhatsApp-Image-2020-09-07-at-11.38.28-3.jpeg\" data-orig-size=\"774,1032\" data-comments-opened=\"1\" data-image-meta=\"{&quot;aperture&quot;:&quot;0&quot;,&quot;credit&quot;:&quot;&quot;,&quot;camera&quot;:&quot;&quot;,&quot;caption&quot;:&quot;&quot;,&quot;created_timestamp&quot;:&quot;0&quot;,&quot;copyright&quot;:&quot;&quot;,&quot;focal_length&quot;:&quot;0&quot;,&quot;iso&quot;:&quot;0&quot;,&quot;shutter_speed&quot;:&quot;0&quot;,&quot;title&quot;:&quot;&quot;,&quot;orientation&quot;:&quot;0&quot;}\" data-image-title=\"WhatsApp Image 2020-09-07 at 11.38.28 (3)\" data-image-description=\"\" data-image-caption=\"\" data-large-file=\"https:\/\/eldiariodesanpedro.com.ar\/sitio\/wp-content\/uploads\/2020\/09\/WhatsApp-Image-2020-09-07-at-11.38.28-3-768x1024.jpeg\" data-src=\"https:\/\/eldiariodesanpedro.com.ar\/sitio\/wp-content\/uploads\/2020\/09\/WhatsApp-Image-2020-09-07-at-11.38.28-3-768x1024.jpeg\" alt=\"\" class=\"wp-image-80609 lazyload\" data-srcset=\"https:\/\/eldiariodesanpedro.com.ar\/sitio\/wp-content\/uploads\/2020\/09\/WhatsApp-Image-2020-09-07-at-11.38.28-3-768x1024.jpeg 768w, https:\/\/eldiariodesanpedro.com.ar\/sitio\/wp-content\/uploads\/2020\/09\/WhatsApp-Image-2020-09-07-at-11.38.28-3-225x300.jpeg 225w, https:\/\/eldiariodesanpedro.com.ar\/sitio\/wp-content\/uploads\/2020\/09\/WhatsApp-Image-2020-09-07-at-11.38.28-3.jpeg 774w\" data-sizes=\"(max-width: 768px) 100vw, 768px\" src=\"data:image\/svg+xml;base64,PHN2ZyB3aWR0aD0iMSIgaGVpZ2h0PSIxIiB4bWxucz0iaHR0cDovL3d3dy53My5vcmcvMjAwMC9zdmciPjwvc3ZnPg==\" style=\"--smush-placeholder-width: 768px; --smush-placeholder-aspect-ratio: 768\/1024;\" \/><\/figure>\n\n\n\n<figure class=\"wp-block-image size-large\"><img decoding=\"async\" width=\"1024\" height=\"768\" data-attachment-id=\"80608\" data-permalink=\"https:\/\/eldiariodesanpedro.com.ar\/sitio\/mas-de-100-kilos-de-carne-y-varias-armas-de-fuego-secuestradas-en-allanamiento\/whatsapp-image-2020-09-07-at-11-38-30\/\" data-orig-file=\"https:\/\/eldiariodesanpedro.com.ar\/sitio\/wp-content\/uploads\/2020\/09\/WhatsApp-Image-2020-09-07-at-11.38.30.jpeg\" data-orig-size=\"1032,774\" data-comments-opened=\"1\" data-image-meta=\"{&quot;aperture&quot;:&quot;0&quot;,&quot;credit&quot;:&quot;&quot;,&quot;camera&quot;:&quot;&quot;,&quot;caption&quot;:&quot;&quot;,&quot;created_timestamp&quot;:&quot;0&quot;,&quot;copyright&quot;:&quot;&quot;,&quot;focal_length&quot;:&quot;0&quot;,&quot;iso&quot;:&quot;0&quot;,&quot;shutter_speed&quot;:&quot;0&quot;,&quot;title&quot;:&quot;&quot;,&quot;orientation&quot;:&quot;0&quot;}\" data-image-title=\"WhatsApp Image 2020-09-07 at 11.38.30\" data-image-description=\"\" data-image-caption=\"\" data-large-file=\"https:\/\/eldiariodesanpedro.com.ar\/sitio\/wp-content\/uploads\/2020\/09\/WhatsApp-Image-2020-09-07-at-11.38.30-1024x768.jpeg\" data-src=\"https:\/\/eldiariodesanpedro.com.ar\/sitio\/wp-content\/uploads\/2020\/09\/WhatsApp-Image-2020-09-07-at-11.38.30-1024x768.jpeg\" alt=\"\" class=\"wp-image-80608 lazyload\" data-srcset=\"https:\/\/eldiariodesanpedro.com.ar\/sitio\/wp-content\/uploads\/2020\/09\/WhatsApp-Image-2020-09-07-at-11.38.30-1024x768.jpeg 1024w, https:\/\/eldiariodesanpedro.com.ar\/sitio\/wp-content\/uploads\/2020\/09\/WhatsApp-Image-2020-09-07-at-11.38.30-300x225.jpeg 300w, https:\/\/eldiariodesanpedro.com.ar\/sitio\/wp-content\/uploads\/2020\/09\/WhatsApp-Image-2020-09-07-at-11.38.30-768x576.jpeg 768w, https:\/\/eldiariodesanpedro.com.ar\/sitio\/wp-content\/uploads\/2020\/09\/WhatsApp-Image-2020-09-07-at-11.38.30-500x375.jpeg 500w, https:\/\/eldiariodesanpedro.com.ar\/sitio\/wp-content\/uploads\/2020\/09\/WhatsApp-Image-2020-09-07-at-11.38.30.jpeg 1032w\" data-sizes=\"(max-width: 1024px) 100vw, 1024px\" src=\"data:image\/svg+xml;base64,PHN2ZyB3aWR0aD0iMSIgaGVpZ2h0PSIxIiB4bWxucz0iaHR0cDovL3d3dy53My5vcmcvMjAwMC9zdmciPjwvc3ZnPg==\" style=\"--smush-placeholder-width: 1024px; --smush-placeholder-aspect-ratio: 1024\/768;\" \/><\/figure>\n","protected":false},"excerpt":{"rendered":"<p>Tras un hecho ocurrido en un campo ubicado en cercan\u00edas de la ex ruta 9 el pasado jueves donde en horas de la madrugada delincuentes realizaron la faena de una vaca siendo denunciado por el propietario. El dia viernes el personal policial del Destacamento de R\u00edo Tala, tras averiguaciones practicadas pro la denuncia de abigeato [&hellip;]<\/p>\n","protected":false},"author":4,"featured_media":80613,"comment_status":"open","ping_status":"closed","sticky":false,"template":"","format":"standard","meta":{"om_disable_all_campaigns":false,"_jetpack_memberships_contains_paid_content":false,"footnotes":""},"categories":[50,2,103],"tags":[1760,197,33,95],"class_list":["post-80603","post","type-post","status-publish","format-standard","has-post-thumbnail","hentry","category-destacadas","category-locales","category-policiales-locales","tag-abigeato","tag-buenos-aires","tag-locales","tag-policiales"],"aioseo_notices":[],"gutentor_comment":0,"jetpack_featured_media_url":"https:\/\/eldiariodesanpedro.com.ar\/sitio\/wp-content\/uploads\/2020\/09\/WhatsApp-Image-2020-09-07-at-11.38.28.jpeg","jetpack_shortlink":"https:\/\/wp.me\/p6RhLt-kY3","jetpack_sharing_enabled":true,"_links":{"self":[{"href":"https:\/\/eldiariodesanpedro.com.ar\/sitio\/wp-json\/wp\/v2\/posts\/80603","targetHints":{"allow":["GET"]}}],"collection":[{"href":"https:\/\/eldiariodesanpedro.com.ar\/sitio\/wp-json\/wp\/v2\/posts"}],"about":[{"href":"https:\/\/eldiariodesanpedro.com.ar\/sitio\/wp-json\/wp\/v2\/types\/post"}],"author":[{"embeddable":true,"href":"https:\/\/eldiariodesanpedro.com.ar\/sitio\/wp-json\/wp\/v2\/users\/4"}],"replies":[{"embeddable":true,"href":"https:\/\/eldiariodesanpedro.com.ar\/sitio\/wp-json\/wp\/v2\/comments?post=80603"}],"version-history":[{"count":2,"href":"https:\/\/eldiariodesanpedro.com.ar\/sitio\/wp-json\/wp\/v2\/posts\/80603\/revisions"}],"predecessor-version":[{"id":80617,"href":"https:\/\/eldiariodesanpedro.com.ar\/sitio\/wp-json\/wp\/v2\/posts\/80603\/revisions\/80617"}],"wp:featuredmedia":[{"embeddable":true,"href":"https:\/\/eldiariodesanpedro.com.ar\/sitio\/wp-json\/wp\/v2\/media\/80613"}],"wp:attachment":[{"href":"https:\/\/eldiariodesanpedro.com.ar\/sitio\/wp-json\/wp\/v2\/media?parent=80603"}],"wp:term":[{"taxonomy":"category","embeddable":true,"href":"https:\/\/eldiariodesanpedro.com.ar\/sitio\/wp-json\/wp\/v2\/categories?post=80603"},{"taxonomy":"post_tag","embeddable":true,"href":"https:\/\/eldiariodesanpedro.com.ar\/sitio\/wp-json\/wp\/v2\/tags?post=80603"}],"curies":[{"name":"wp","href":"https:\/\/api.w.org\/{rel}","templated":true}]}}