{"id":80601,"date":"2020-09-07T11:22:06","date_gmt":"2020-09-07T14:22:06","guid":{"rendered":"https:\/\/eldiariodesanpedro.com.ar\/sitio\/?p=80601"},"modified":"2020-09-07T11:22:06","modified_gmt":"2020-09-07T14:22:06","slug":"robo-de-un-televisor-y-allanamiento","status":"publish","type":"post","link":"https:\/\/eldiariodesanpedro.com.ar\/sitio\/robo-de-un-televisor-y-allanamiento\/","title":{"rendered":"Robo de un televisor y allanamiento"},"content":{"rendered":"<!-- VideographyWP Plugin Message: Automatic video embedding prevented by plugin options. -->\n\n<p>En la jornada de viernes en horas de la madrugada se radicada una denuncia en la comisar\u00eda local por sustracci\u00f3n de televisor interior de un domicilio, el personal policial tras r\u00e1pido accionar establece autor\u00eda hecho masculino mayor de edad con frondosos antecedentes y autorizada orden de allanamiento de urgencia, se logra el secuestro del bien sustra\u00eddo en el domicilio sindicado y aprehensi\u00f3n del mismo.\u00a0<\/p>\n","protected":false},"excerpt":{"rendered":"<p>En la jornada de viernes en horas de la madrugada se radicada una denuncia en la comisar\u00eda local por sustracci\u00f3n de televisor interior de un domicilio, el personal policial tras r\u00e1pido accionar establece autor\u00eda hecho masculino mayor de edad con frondosos antecedentes y autorizada orden de allanamiento de urgencia, se logra el secuestro del bien [&hellip;]<\/p>\n","protected":false},"author":4,"featured_media":77860,"comment_status":"open","ping_status":"closed","sticky":false,"template":"","format":"standard","meta":{"om_disable_all_campaigns":false,"_jetpack_memberships_contains_paid_content":false,"footnotes":""},"categories":[2,103],"tags":[197,33,95],"class_list":["post-80601","post","type-post","status-publish","format-standard","has-post-thumbnail","hentry","category-locales","category-policiales-locales","tag-buenos-aires","tag-locales","tag-policiales"],"aioseo_notices":[],"gutentor_comment":0,"jetpack_featured_media_url":"https:\/\/eldiariodesanpedro.com.ar\/sitio\/wp-content\/uploads\/2020\/07\/000085506.jpg","jetpack_shortlink":"https:\/\/wp.me\/p6RhLt-kY1","jetpack_sharing_enabled":true,"_links":{"self":[{"href":"https:\/\/eldiariodesanpedro.com.ar\/sitio\/wp-json\/wp\/v2\/posts\/80601","targetHints":{"allow":["GET"]}}],"collection":[{"href":"https:\/\/eldiariodesanpedro.com.ar\/sitio\/wp-json\/wp\/v2\/posts"}],"about":[{"href":"https:\/\/eldiariodesanpedro.com.ar\/sitio\/wp-json\/wp\/v2\/types\/post"}],"author":[{"embeddable":true,"href":"https:\/\/eldiariodesanpedro.com.ar\/sitio\/wp-json\/wp\/v2\/users\/4"}],"replies":[{"embeddable":true,"href":"https:\/\/eldiariodesanpedro.com.ar\/sitio\/wp-json\/wp\/v2\/comments?post=80601"}],"version-history":[{"count":1,"href":"https:\/\/eldiariodesanpedro.com.ar\/sitio\/wp-json\/wp\/v2\/posts\/80601\/revisions"}],"predecessor-version":[{"id":80602,"href":"https:\/\/eldiariodesanpedro.com.ar\/sitio\/wp-json\/wp\/v2\/posts\/80601\/revisions\/80602"}],"wp:featuredmedia":[{"embeddable":true,"href":"https:\/\/eldiariodesanpedro.com.ar\/sitio\/wp-json\/wp\/v2\/media\/77860"}],"wp:attachment":[{"href":"https:\/\/eldiariodesanpedro.com.ar\/sitio\/wp-json\/wp\/v2\/media?parent=80601"}],"wp:term":[{"taxonomy":"category","embeddable":true,"href":"https:\/\/eldiariodesanpedro.com.ar\/sitio\/wp-json\/wp\/v2\/categories?post=80601"},{"taxonomy":"post_tag","embeddable":true,"href":"https:\/\/eldiariodesanpedro.com.ar\/sitio\/wp-json\/wp\/v2\/tags?post=80601"}],"curies":[{"name":"wp","href":"https:\/\/api.w.org\/{rel}","templated":true}]}}