{"id":80599,"date":"2020-09-07T11:18:06","date_gmt":"2020-09-07T14:18:06","guid":{"rendered":"https:\/\/eldiariodesanpedro.com.ar\/sitio\/?p=80599"},"modified":"2020-09-07T11:18:07","modified_gmt":"2020-09-07T14:18:07","slug":"dos-automoviles-incendiados-durante-el-fin-de-semana","status":"publish","type":"post","link":"https:\/\/eldiariodesanpedro.com.ar\/sitio\/dos-automoviles-incendiados-durante-el-fin-de-semana\/","title":{"rendered":"Dos autom\u00f3viles incendiados durante el fin de semana"},"content":{"rendered":"<!-- VideographyWP Plugin Message: Automatic video embedding prevented by plugin options. -->\n\n<p>Este domngo en horas de la madrugada la vecina denuncia que se encontraba en su domicilio de Cruz Roja al 1700 cuando su marido da cuenta de humo proveniente del exterior, al salir constata que proven\u00eda de su autom\u00f3vil Volkswagen modelo Dodge color azul, que se encontraba estacionado junto a la vivienda. Sospecha que fue intencional.\u00a0\u00a0<\/p>\n\n\n\n<p>En la madrugada de este lunes alrededor de las 2, por su parte una dotaci\u00f3n de Bomberos Voluntarios se hace presente en calle San Mart\u00edn al 1700  para sofocar el incendio de un autom\u00f3vil.<\/p>\n","protected":false},"excerpt":{"rendered":"<p>Este domngo en horas de la madrugada la vecina denuncia que se encontraba en su domicilio de Cruz Roja al 1700 cuando su marido da cuenta de humo proveniente del exterior, al salir constata que proven\u00eda de su autom\u00f3vil Volkswagen modelo Dodge color azul, que se encontraba estacionado junto a la vivienda. Sospecha que fue [&hellip;]<\/p>\n","protected":false},"author":4,"featured_media":80065,"comment_status":"open","ping_status":"closed","sticky":false,"template":"","format":"standard","meta":{"om_disable_all_campaigns":false,"_jetpack_memberships_contains_paid_content":false,"footnotes":""},"categories":[2,103],"tags":[197,33,95],"class_list":["post-80599","post","type-post","status-publish","format-standard","has-post-thumbnail","hentry","category-locales","category-policiales-locales","tag-buenos-aires","tag-locales","tag-policiales"],"aioseo_notices":[],"gutentor_comment":0,"jetpack_featured_media_url":"https:\/\/eldiariodesanpedro.com.ar\/sitio\/wp-content\/uploads\/2020\/08\/DSC_0021-scaled.jpg","jetpack_shortlink":"https:\/\/wp.me\/p6RhLt-kXZ","jetpack_sharing_enabled":true,"_links":{"self":[{"href":"https:\/\/eldiariodesanpedro.com.ar\/sitio\/wp-json\/wp\/v2\/posts\/80599","targetHints":{"allow":["GET"]}}],"collection":[{"href":"https:\/\/eldiariodesanpedro.com.ar\/sitio\/wp-json\/wp\/v2\/posts"}],"about":[{"href":"https:\/\/eldiariodesanpedro.com.ar\/sitio\/wp-json\/wp\/v2\/types\/post"}],"author":[{"embeddable":true,"href":"https:\/\/eldiariodesanpedro.com.ar\/sitio\/wp-json\/wp\/v2\/users\/4"}],"replies":[{"embeddable":true,"href":"https:\/\/eldiariodesanpedro.com.ar\/sitio\/wp-json\/wp\/v2\/comments?post=80599"}],"version-history":[{"count":1,"href":"https:\/\/eldiariodesanpedro.com.ar\/sitio\/wp-json\/wp\/v2\/posts\/80599\/revisions"}],"predecessor-version":[{"id":80600,"href":"https:\/\/eldiariodesanpedro.com.ar\/sitio\/wp-json\/wp\/v2\/posts\/80599\/revisions\/80600"}],"wp:featuredmedia":[{"embeddable":true,"href":"https:\/\/eldiariodesanpedro.com.ar\/sitio\/wp-json\/wp\/v2\/media\/80065"}],"wp:attachment":[{"href":"https:\/\/eldiariodesanpedro.com.ar\/sitio\/wp-json\/wp\/v2\/media?parent=80599"}],"wp:term":[{"taxonomy":"category","embeddable":true,"href":"https:\/\/eldiariodesanpedro.com.ar\/sitio\/wp-json\/wp\/v2\/categories?post=80599"},{"taxonomy":"post_tag","embeddable":true,"href":"https:\/\/eldiariodesanpedro.com.ar\/sitio\/wp-json\/wp\/v2\/tags?post=80599"}],"curies":[{"name":"wp","href":"https:\/\/api.w.org\/{rel}","templated":true}]}}