{"id":80596,"date":"2020-09-07T11:11:47","date_gmt":"2020-09-07T14:11:47","guid":{"rendered":"https:\/\/eldiariodesanpedro.com.ar\/sitio\/?p=80596"},"modified":"2020-09-07T11:11:51","modified_gmt":"2020-09-07T14:11:51","slug":"clausura-de-bar-por-parte-de-inspeccion","status":"publish","type":"post","link":"https:\/\/eldiariodesanpedro.com.ar\/sitio\/clausura-de-bar-por-parte-de-inspeccion\/","title":{"rendered":"Clausura de bar por parte de inspecci\u00f3n"},"content":{"rendered":"<!-- VideographyWP Plugin Message: Automatic video embedding prevented by plugin options. -->\n\n<p>Este s\u00e1bado se realiz\u00f3 la clausura de un comercio por parte de el \u00e1rea de inspecci\u00f3n y la polic\u00eda de nuestra ciudad.<\/p>\n\n\n\n<p>Ambos procedieron a la clausura de un comercio rubro bar ubicado en calle French 45 est\u00e1, por infracci\u00f3n art 99 Ordenanza Municipal 3884\/85 intervino el Juez de Faltas local.<\/p>\n\n\n\n<p>Al siguiente d\u00eda los efectivos policiales tuvieron que volver a acercarse hasta el bar ya que el propietario rompe la faja de clausura y vuelve a tratar de abrir.<\/p>\n","protected":false},"excerpt":{"rendered":"<p>Este s\u00e1bado se realiz\u00f3 la clausura de un comercio por parte de el \u00e1rea de inspecci\u00f3n y la polic\u00eda de nuestra ciudad. Ambos procedieron a la clausura de un comercio rubro bar ubicado en calle French 45 est\u00e1, por infracci\u00f3n art 99 Ordenanza Municipal 3884\/85 intervino el Juez de Faltas local. Al siguiente d\u00eda los [&hellip;]<\/p>\n","protected":false},"author":4,"featured_media":80055,"comment_status":"open","ping_status":"closed","sticky":false,"template":"","format":"standard","meta":{"om_disable_all_campaigns":false,"_jetpack_memberships_contains_paid_content":false,"footnotes":""},"categories":[2,103],"tags":[197,33,95],"class_list":["post-80596","post","type-post","status-publish","format-standard","has-post-thumbnail","hentry","category-locales","category-policiales-locales","tag-buenos-aires","tag-locales","tag-policiales"],"aioseo_notices":[],"gutentor_comment":0,"jetpack_featured_media_url":"https:\/\/eldiariodesanpedro.com.ar\/sitio\/wp-content\/uploads\/2020\/08\/WhatsApp-Image-2020-08-26-at-17.38.06.jpeg","jetpack_shortlink":"https:\/\/wp.me\/p6RhLt-kXW","jetpack_sharing_enabled":true,"_links":{"self":[{"href":"https:\/\/eldiariodesanpedro.com.ar\/sitio\/wp-json\/wp\/v2\/posts\/80596","targetHints":{"allow":["GET"]}}],"collection":[{"href":"https:\/\/eldiariodesanpedro.com.ar\/sitio\/wp-json\/wp\/v2\/posts"}],"about":[{"href":"https:\/\/eldiariodesanpedro.com.ar\/sitio\/wp-json\/wp\/v2\/types\/post"}],"author":[{"embeddable":true,"href":"https:\/\/eldiariodesanpedro.com.ar\/sitio\/wp-json\/wp\/v2\/users\/4"}],"replies":[{"embeddable":true,"href":"https:\/\/eldiariodesanpedro.com.ar\/sitio\/wp-json\/wp\/v2\/comments?post=80596"}],"version-history":[{"count":1,"href":"https:\/\/eldiariodesanpedro.com.ar\/sitio\/wp-json\/wp\/v2\/posts\/80596\/revisions"}],"predecessor-version":[{"id":80597,"href":"https:\/\/eldiariodesanpedro.com.ar\/sitio\/wp-json\/wp\/v2\/posts\/80596\/revisions\/80597"}],"wp:featuredmedia":[{"embeddable":true,"href":"https:\/\/eldiariodesanpedro.com.ar\/sitio\/wp-json\/wp\/v2\/media\/80055"}],"wp:attachment":[{"href":"https:\/\/eldiariodesanpedro.com.ar\/sitio\/wp-json\/wp\/v2\/media?parent=80596"}],"wp:term":[{"taxonomy":"category","embeddable":true,"href":"https:\/\/eldiariodesanpedro.com.ar\/sitio\/wp-json\/wp\/v2\/categories?post=80596"},{"taxonomy":"post_tag","embeddable":true,"href":"https:\/\/eldiariodesanpedro.com.ar\/sitio\/wp-json\/wp\/v2\/tags?post=80596"}],"curies":[{"name":"wp","href":"https:\/\/api.w.org\/{rel}","templated":true}]}}