{"id":80589,"date":"2020-09-07T10:58:09","date_gmt":"2020-09-07T13:58:09","guid":{"rendered":"https:\/\/eldiariodesanpedro.com.ar\/sitio\/?p=80589"},"modified":"2020-09-07T10:58:13","modified_gmt":"2020-09-07T13:58:13","slug":"aprehendidos-por-tenencia-de-armas","status":"publish","type":"post","link":"https:\/\/eldiariodesanpedro.com.ar\/sitio\/aprehendidos-por-tenencia-de-armas\/","title":{"rendered":"Aprehendidos por tenencia de armas"},"content":{"rendered":"<!-- VideographyWP Plugin Message: Automatic video embedding prevented by plugin options. -->\n\n<p>Durante las jornadas del fin de semana se aprehendieron a ciudadanos que se encontraban armados con cuchillos y arma de fuego.<\/p>\n\n\n\n<p>El pasado viernes en horas de la noche en el marco de operativo policial en calle Lucio Mansilla al 3000, se procede a la aprehensi\u00f3n de tres sujetos mayores de edad, y secuestro en poder de uno de ellos de arma de fuego (escopeta), quienes andaban merodeando la zona de viveros, habi\u00e9ndose receptados llamados de emergencia por tal motivo.&nbsp;&nbsp;<\/p>\n\n\n\n<p>El s\u00e1bado en horas de madrugada en calle Col\u00f3n y Sandrini, aprehendi\u00f3 a masculino de 28 a\u00f1os, y secuestr\u00f3 arma blanca, quien momentos antes amenaza y da\u00f1a vivienda a su pareja conviviente.&nbsp;<\/p>\n\n\n\n<p>El mismo d\u00eda en Crucero General Belgrano y Caseros, aprehenden a masculino mayor de edad, secuestr\u00e1ndose en su poder arma blanca.<\/p>\n","protected":false},"excerpt":{"rendered":"<p>Durante las jornadas del fin de semana se aprehendieron a ciudadanos que se encontraban armados con cuchillos y arma de fuego. El pasado viernes en horas de la noche en el marco de operativo policial en calle Lucio Mansilla al 3000, se procede a la aprehensi\u00f3n de tres sujetos mayores de edad, y secuestro en [&hellip;]<\/p>\n","protected":false},"author":4,"featured_media":80590,"comment_status":"open","ping_status":"closed","sticky":false,"template":"","format":"standard","meta":{"om_disable_all_campaigns":false,"_jetpack_memberships_contains_paid_content":false,"footnotes":""},"categories":[2,103],"tags":[1240,197,33,95],"class_list":["post-80589","post","type-post","status-publish","format-standard","has-post-thumbnail","hentry","category-locales","category-policiales-locales","tag-armas-blancas","tag-buenos-aires","tag-locales","tag-policiales"],"aioseo_notices":[],"gutentor_comment":0,"jetpack_featured_media_url":"https:\/\/eldiariodesanpedro.com.ar\/sitio\/wp-content\/uploads\/2020\/09\/multimedia.normal.8e460b0349669797.616d656e617a6120636f6e2061726d6120626c616e63615f6e6f726d616c2e6a706567.jpeg","jetpack_shortlink":"https:\/\/wp.me\/p6RhLt-kXP","jetpack_sharing_enabled":true,"_links":{"self":[{"href":"https:\/\/eldiariodesanpedro.com.ar\/sitio\/wp-json\/wp\/v2\/posts\/80589","targetHints":{"allow":["GET"]}}],"collection":[{"href":"https:\/\/eldiariodesanpedro.com.ar\/sitio\/wp-json\/wp\/v2\/posts"}],"about":[{"href":"https:\/\/eldiariodesanpedro.com.ar\/sitio\/wp-json\/wp\/v2\/types\/post"}],"author":[{"embeddable":true,"href":"https:\/\/eldiariodesanpedro.com.ar\/sitio\/wp-json\/wp\/v2\/users\/4"}],"replies":[{"embeddable":true,"href":"https:\/\/eldiariodesanpedro.com.ar\/sitio\/wp-json\/wp\/v2\/comments?post=80589"}],"version-history":[{"count":1,"href":"https:\/\/eldiariodesanpedro.com.ar\/sitio\/wp-json\/wp\/v2\/posts\/80589\/revisions"}],"predecessor-version":[{"id":80591,"href":"https:\/\/eldiariodesanpedro.com.ar\/sitio\/wp-json\/wp\/v2\/posts\/80589\/revisions\/80591"}],"wp:featuredmedia":[{"embeddable":true,"href":"https:\/\/eldiariodesanpedro.com.ar\/sitio\/wp-json\/wp\/v2\/media\/80590"}],"wp:attachment":[{"href":"https:\/\/eldiariodesanpedro.com.ar\/sitio\/wp-json\/wp\/v2\/media?parent=80589"}],"wp:term":[{"taxonomy":"category","embeddable":true,"href":"https:\/\/eldiariodesanpedro.com.ar\/sitio\/wp-json\/wp\/v2\/categories?post=80589"},{"taxonomy":"post_tag","embeddable":true,"href":"https:\/\/eldiariodesanpedro.com.ar\/sitio\/wp-json\/wp\/v2\/tags?post=80589"}],"curies":[{"name":"wp","href":"https:\/\/api.w.org\/{rel}","templated":true}]}}