{"id":80586,"date":"2020-09-07T10:36:47","date_gmt":"2020-09-07T13:36:47","guid":{"rendered":"https:\/\/eldiariodesanpedro.com.ar\/sitio\/?p=80586"},"modified":"2020-09-07T10:36:51","modified_gmt":"2020-09-07T13:36:51","slug":"once-personas-aprehendidos-por-tenencia-de-estupefacientes","status":"publish","type":"post","link":"https:\/\/eldiariodesanpedro.com.ar\/sitio\/once-personas-aprehendidos-por-tenencia-de-estupefacientes\/","title":{"rendered":"Once personas aprehendidos por tenencia de estupefacientes"},"content":{"rendered":"<!-- VideographyWP Plugin Message: Automatic video embedding prevented by plugin options. -->\n\n<p>Durante este fin de semana se realizaron once aprehensiones con tenencia de estupefacientes en la v\u00eda p\u00fablica en diferentes puntos de la ciudad.<\/p>\n\n\n\n<p>En horas de la noche del viernes, tras operativo saturaci\u00f3n dispuesto por la superioridad policial, en diferentes procedimientos y puntos de la ciudad se logra la aprehensi\u00f3n de cuatro personas masculinas mayores de edad, a quienes en su poder se le secuestr\u00f3 marihuana, siendo trasladados a la dependencia policial, donde se inicia actuaciones por infringir la Ley 23737.<\/p>\n\n\n\n<p>En el transcurso del dia sabado tambien se logra la aprehensi\u00f3n de tres personas masculinas, uno de ellos menor de edad, a quienes en su poder se le secuestr\u00f3 marihuana y en calle Gral Pueyrred\u00f3n y Mateo Sbert se aprehende masculino mayor de edad a quien se le secuestr\u00f3 en su poder \u201cbochas\u201d de coca\u00edna.&nbsp;<\/p>\n\n\n\n<p>Por \u00faltimo en la jornada de domingo en el transcurso del d\u00eda, en diferentes procedimientos se logra la aprehensi\u00f3n de tres personas masculinas, a quienes en su poder se le secuestr\u00f3 marihuana.<\/p>\n\n\n\n<p>Todos ellos fueron trasladados a la dependencia policial y una vez informados su situaci\u00f3n puestos en libertad.<\/p>\n","protected":false},"excerpt":{"rendered":"<p>Durante este fin de semana se realizaron once aprehensiones con tenencia de estupefacientes en la v\u00eda p\u00fablica en diferentes puntos de la ciudad. En horas de la noche del viernes, tras operativo saturaci\u00f3n dispuesto por la superioridad policial, en diferentes procedimientos y puntos de la ciudad se logra la aprehensi\u00f3n de cuatro personas masculinas mayores [&hellip;]<\/p>\n","protected":false},"author":4,"featured_media":80172,"comment_status":"open","ping_status":"closed","sticky":false,"template":"","format":"standard","meta":{"om_disable_all_campaigns":false,"_jetpack_memberships_contains_paid_content":false,"footnotes":""},"categories":[2,103],"tags":[197,33,95,19],"class_list":["post-80586","post","type-post","status-publish","format-standard","has-post-thumbnail","hentry","category-locales","category-policiales-locales","tag-buenos-aires","tag-locales","tag-policiales","tag-san-pedro"],"aioseo_notices":[],"gutentor_comment":0,"jetpack_featured_media_url":"https:\/\/eldiariodesanpedro.com.ar\/sitio\/wp-content\/uploads\/2020\/08\/lvp.lvp_.img_nv000592.jpg","jetpack_shortlink":"https:\/\/wp.me\/p6RhLt-kXM","jetpack_sharing_enabled":true,"_links":{"self":[{"href":"https:\/\/eldiariodesanpedro.com.ar\/sitio\/wp-json\/wp\/v2\/posts\/80586","targetHints":{"allow":["GET"]}}],"collection":[{"href":"https:\/\/eldiariodesanpedro.com.ar\/sitio\/wp-json\/wp\/v2\/posts"}],"about":[{"href":"https:\/\/eldiariodesanpedro.com.ar\/sitio\/wp-json\/wp\/v2\/types\/post"}],"author":[{"embeddable":true,"href":"https:\/\/eldiariodesanpedro.com.ar\/sitio\/wp-json\/wp\/v2\/users\/4"}],"replies":[{"embeddable":true,"href":"https:\/\/eldiariodesanpedro.com.ar\/sitio\/wp-json\/wp\/v2\/comments?post=80586"}],"version-history":[{"count":1,"href":"https:\/\/eldiariodesanpedro.com.ar\/sitio\/wp-json\/wp\/v2\/posts\/80586\/revisions"}],"predecessor-version":[{"id":80587,"href":"https:\/\/eldiariodesanpedro.com.ar\/sitio\/wp-json\/wp\/v2\/posts\/80586\/revisions\/80587"}],"wp:featuredmedia":[{"embeddable":true,"href":"https:\/\/eldiariodesanpedro.com.ar\/sitio\/wp-json\/wp\/v2\/media\/80172"}],"wp:attachment":[{"href":"https:\/\/eldiariodesanpedro.com.ar\/sitio\/wp-json\/wp\/v2\/media?parent=80586"}],"wp:term":[{"taxonomy":"category","embeddable":true,"href":"https:\/\/eldiariodesanpedro.com.ar\/sitio\/wp-json\/wp\/v2\/categories?post=80586"},{"taxonomy":"post_tag","embeddable":true,"href":"https:\/\/eldiariodesanpedro.com.ar\/sitio\/wp-json\/wp\/v2\/tags?post=80586"}],"curies":[{"name":"wp","href":"https:\/\/api.w.org\/{rel}","templated":true}]}}