{"id":80584,"date":"2020-09-07T10:07:57","date_gmt":"2020-09-07T13:07:57","guid":{"rendered":"https:\/\/eldiariodesanpedro.com.ar\/sitio\/?p=80584"},"modified":"2020-09-07T10:39:01","modified_gmt":"2020-09-07T13:39:01","slug":"este-domingo-se-registro-una-nueva-victima-por-coronavirus","status":"publish","type":"post","link":"https:\/\/eldiariodesanpedro.com.ar\/sitio\/este-domingo-se-registro-una-nueva-victima-por-coronavirus\/","title":{"rendered":"Este domingo se registro una nueva victima por coronavirus"},"content":{"rendered":"<!-- VideographyWP Plugin Message: Automatic video embedding prevented by plugin options. -->\n\n<p>Este domingo en horas de la tarde se registro la victima numero 22 de nuestra ciudad<\/p>\n\n\n\n<p>La Municipalidad de San Pedro expresa sus condolencias a familiares, amigos y compa\u00f1eros de trabajo del Sr. Jorge Epelde de 66 a\u00f1os, trabajador municipal en el \u00e1rea de Parques y Jard\u00ednes, dependiente de la Secretar\u00eda de Obras P\u00fablicas, quien falleci\u00f3 en el d\u00eda de hoy, internado en el Hospital Emilio Ruffa.<\/p>\n\n\n\n<p>El estudio pendiente fue informado como positivo, incrementando a 22 el total de decesos con Covid-19, desde el comienzo de la Pandemia en nuestro distrito.<\/p>\n\n\n\n<p>Acompa\u00f1amos a todos sus seres queridos en este doloroso momento.<\/p>\n","protected":false},"excerpt":{"rendered":"<p>Este domingo en horas de la tarde se registro la victima numero 22 de nuestra ciudad La Municipalidad de San Pedro expresa sus condolencias a familiares, amigos y compa\u00f1eros de trabajo del Sr. Jorge Epelde de 66 a\u00f1os, trabajador municipal en el \u00e1rea de Parques y Jard\u00ednes, dependiente de la Secretar\u00eda de Obras P\u00fablicas, quien [&hellip;]<\/p>\n","protected":false},"author":4,"featured_media":77464,"comment_status":"open","ping_status":"closed","sticky":false,"template":"","format":"standard","meta":{"om_disable_all_campaigns":false,"_jetpack_memberships_contains_paid_content":false,"footnotes":""},"categories":[101,2],"tags":[197,696,33],"class_list":["post-80584","post","type-post","status-publish","format-standard","has-post-thumbnail","hentry","category-interes-general-locales","category-locales","tag-buenos-aires","tag-interes-general","tag-locales"],"aioseo_notices":[],"gutentor_comment":0,"jetpack_featured_media_url":"https:\/\/eldiariodesanpedro.com.ar\/sitio\/wp-content\/uploads\/2020\/07\/5e87e1dede692.jpeg","jetpack_shortlink":"https:\/\/wp.me\/p6RhLt-kXK","jetpack_sharing_enabled":true,"_links":{"self":[{"href":"https:\/\/eldiariodesanpedro.com.ar\/sitio\/wp-json\/wp\/v2\/posts\/80584","targetHints":{"allow":["GET"]}}],"collection":[{"href":"https:\/\/eldiariodesanpedro.com.ar\/sitio\/wp-json\/wp\/v2\/posts"}],"about":[{"href":"https:\/\/eldiariodesanpedro.com.ar\/sitio\/wp-json\/wp\/v2\/types\/post"}],"author":[{"embeddable":true,"href":"https:\/\/eldiariodesanpedro.com.ar\/sitio\/wp-json\/wp\/v2\/users\/4"}],"replies":[{"embeddable":true,"href":"https:\/\/eldiariodesanpedro.com.ar\/sitio\/wp-json\/wp\/v2\/comments?post=80584"}],"version-history":[{"count":2,"href":"https:\/\/eldiariodesanpedro.com.ar\/sitio\/wp-json\/wp\/v2\/posts\/80584\/revisions"}],"predecessor-version":[{"id":80588,"href":"https:\/\/eldiariodesanpedro.com.ar\/sitio\/wp-json\/wp\/v2\/posts\/80584\/revisions\/80588"}],"wp:featuredmedia":[{"embeddable":true,"href":"https:\/\/eldiariodesanpedro.com.ar\/sitio\/wp-json\/wp\/v2\/media\/77464"}],"wp:attachment":[{"href":"https:\/\/eldiariodesanpedro.com.ar\/sitio\/wp-json\/wp\/v2\/media?parent=80584"}],"wp:term":[{"taxonomy":"category","embeddable":true,"href":"https:\/\/eldiariodesanpedro.com.ar\/sitio\/wp-json\/wp\/v2\/categories?post=80584"},{"taxonomy":"post_tag","embeddable":true,"href":"https:\/\/eldiariodesanpedro.com.ar\/sitio\/wp-json\/wp\/v2\/tags?post=80584"}],"curies":[{"name":"wp","href":"https:\/\/api.w.org\/{rel}","templated":true}]}}