{"id":80563,"date":"2020-09-05T12:12:41","date_gmt":"2020-09-05T15:12:41","guid":{"rendered":"https:\/\/eldiariodesanpedro.com.ar\/sitio\/?p=80563"},"modified":"2020-09-05T12:12:45","modified_gmt":"2020-09-05T15:12:45","slug":"campana-marcha-atras-con-el-futbol-metegol-2","status":"publish","type":"post","link":"https:\/\/eldiariodesanpedro.com.ar\/sitio\/campana-marcha-atras-con-el-futbol-metegol-2\/","title":{"rendered":"CAMPANA | Marcha atr\u00e1s con el f\u00fatbol \u201cmetegol\u201d"},"content":{"rendered":"<!-- VideographyWP Plugin Message: Automatic video embedding prevented by plugin options. -->\n\n<p><strong>El Municipio de Campana tom\u00f3 esta decisi\u00f3n luego de constatar, durante inspecciones, el incumplimiento a los protocolos.<\/strong><\/p>\n\n\n\n<p>El Municipio decidi\u00f3 dar marcha atr\u00e1s con la apertura de canchas de f\u00fatbol 5 para la pr\u00e1ctica de la modalidad f\u00fatbol \u201cmetegol\u201d.<\/p>\n\n\n\n<p>La medida fue tomada ante el incumplimiento de la gran mayor\u00eda de establecimientos de la ciudad, que qued\u00f3 demostrado tras inspecciones realizadas por personal municipal y denuncias de los vecinos.<\/p>\n\n\n\n<p>Cinco d\u00edas atr\u00e1s, la Secretar\u00eda de Desarrollo Econ\u00f3mico hab\u00eda permitido esta actividad a fin que estos emprendimientos comerciales pudieran volver a trabajar, pero con la condici\u00f3n de respetar los protocolos vigentes.<\/p>\n\n\n\n<p>Al no cumplir con estas reglamentaciones que buscan prevenir contagios de Covid-19, el Municipio se vio obligado a retroceder con esta medida y no permitir la actividad.<\/p>\n\n\n\n<p>Fuente:&nbsp;<a href=\"https:\/\/impactolocal.com.ar\/2020\/09\/04\/marcha-atras-con-el-futbol-metegol\/\">Impacto Local<\/a><\/p>\n","protected":false},"excerpt":{"rendered":"<p>El Municipio de Campana tom\u00f3 esta decisi\u00f3n luego de constatar, durante inspecciones, el incumplimiento a los protocolos. El Municipio decidi\u00f3 dar marcha atr\u00e1s con la apertura de canchas de f\u00fatbol 5 para la pr\u00e1ctica de la modalidad f\u00fatbol \u201cmetegol\u201d. La medida fue tomada ante el incumplimiento de la gran mayor\u00eda de establecimientos de la ciudad, [&hellip;]<\/p>\n","protected":false},"author":4,"featured_media":80564,"comment_status":"open","ping_status":"closed","sticky":false,"template":"","format":"standard","meta":{"om_disable_all_campaigns":false,"_jetpack_memberships_contains_paid_content":false,"footnotes":""},"categories":[621],"tags":[197,686,681],"class_list":["post-80563","post","type-post","status-publish","format-standard","has-post-thumbnail","hentry","category-regionales","tag-buenos-aires","tag-campana-2","tag-regionales"],"aioseo_notices":[],"gutentor_comment":0,"jetpack_featured_media_url":"https:\/\/eldiariodesanpedro.com.ar\/sitio\/wp-content\/uploads\/2020\/09\/PHOTO-2020-09-04-21-39-08-696x389-1.jpg","jetpack_shortlink":"https:\/\/wp.me\/p6RhLt-kXp","jetpack_sharing_enabled":true,"_links":{"self":[{"href":"https:\/\/eldiariodesanpedro.com.ar\/sitio\/wp-json\/wp\/v2\/posts\/80563","targetHints":{"allow":["GET"]}}],"collection":[{"href":"https:\/\/eldiariodesanpedro.com.ar\/sitio\/wp-json\/wp\/v2\/posts"}],"about":[{"href":"https:\/\/eldiariodesanpedro.com.ar\/sitio\/wp-json\/wp\/v2\/types\/post"}],"author":[{"embeddable":true,"href":"https:\/\/eldiariodesanpedro.com.ar\/sitio\/wp-json\/wp\/v2\/users\/4"}],"replies":[{"embeddable":true,"href":"https:\/\/eldiariodesanpedro.com.ar\/sitio\/wp-json\/wp\/v2\/comments?post=80563"}],"version-history":[{"count":1,"href":"https:\/\/eldiariodesanpedro.com.ar\/sitio\/wp-json\/wp\/v2\/posts\/80563\/revisions"}],"predecessor-version":[{"id":80565,"href":"https:\/\/eldiariodesanpedro.com.ar\/sitio\/wp-json\/wp\/v2\/posts\/80563\/revisions\/80565"}],"wp:featuredmedia":[{"embeddable":true,"href":"https:\/\/eldiariodesanpedro.com.ar\/sitio\/wp-json\/wp\/v2\/media\/80564"}],"wp:attachment":[{"href":"https:\/\/eldiariodesanpedro.com.ar\/sitio\/wp-json\/wp\/v2\/media?parent=80563"}],"wp:term":[{"taxonomy":"category","embeddable":true,"href":"https:\/\/eldiariodesanpedro.com.ar\/sitio\/wp-json\/wp\/v2\/categories?post=80563"},{"taxonomy":"post_tag","embeddable":true,"href":"https:\/\/eldiariodesanpedro.com.ar\/sitio\/wp-json\/wp\/v2\/tags?post=80563"}],"curies":[{"name":"wp","href":"https:\/\/api.w.org\/{rel}","templated":true}]}}