{"id":80560,"date":"2020-09-05T12:10:55","date_gmt":"2020-09-05T15:10:55","guid":{"rendered":"https:\/\/eldiariodesanpedro.com.ar\/sitio\/?p=80560"},"modified":"2020-09-05T12:10:59","modified_gmt":"2020-09-05T15:10:59","slug":"arrecifes-coronavirus-crece-el-contagio-comunitario","status":"publish","type":"post","link":"https:\/\/eldiariodesanpedro.com.ar\/sitio\/arrecifes-coronavirus-crece-el-contagio-comunitario\/","title":{"rendered":"ARRECIFES | Coronavirus: Crece el contagio comunitario"},"content":{"rendered":"<!-- VideographyWP Plugin Message: Automatic video embedding prevented by plugin options. -->\n\n<p>Desde el inicio de la pandemia y hasta hace 10 d\u00edas, en los casos positivos de Covid-19 detectados en Arrecifes prevalec\u00eda el contagio por contacto. Esto significa que quien adquir\u00eda la enfermedad lo hac\u00eda de determinada persona con la que se compart\u00eda relaci\u00f3n de familia o de trabajo, en lo que se denomina \u201ccontacto estrecho\u201d.<\/p>\n\n\n\n<p>Hoy ese \u00edndice fue ampliamente superado por el contagio comunitario, que representa una muestra de falta de responsabilidad social.<\/p>\n\n\n\n<p>El contagio comunitario en Arrecifes al 4 de septiembre alcanza el 47,3%. Y si lo sumamos al 13,2% de positivos que a\u00fan tienen en investigaci\u00f3n su origen, tenemos un 60% de arrecife\u00f1os que adquiri\u00f3 la enfermedad en la calle, en reuniones o no sabe d\u00f3nde.<\/p>\n\n\n\n<p>En cambio, el contagio por contacto disminuy\u00f3 al 33,5%.<\/p>\n\n\n\n<p>Esta es una clara muestra de que la cuarentena efectivamente y definitivamente sirvi\u00f3. No est\u00e1 mal abrir las distintas actividades laborales, que son estrictamente necesarias, pero el hecho de relajarnos individualmente no adoptando los recaudos correspondientes nos ha llevado a multiplicar r\u00e1pidamente los casos.<\/p>\n\n\n\n<p>De hecho, no se conocen contagios en bares, restaurantes y lugares de esparcimiento p\u00fablico que solemos estigmatizar. La mayor\u00eda son de reuniones privadas (las cl\u00e1sicas juntadas o asados) y hasta se han dado en sepelios y encuentros religiosos.<\/p>\n\n\n\n<p>Estamos a tiempo de cuidarnos m\u00e1s y que esta tendencia creciente de contagio comunitario no siga aumentando y lleguemos a tener que lamentar la saturaci\u00f3n de nuestro sistema de salud.<\/p>\n\n\n\n<p>Fuente:&nbsp;<a href=\"https:\/\/arrecifesnoticias.com\/sociedad\/coronavirus-crece-en-arrecifes-el-contagio-comunitario\/\">Arrecifes Noticias<\/a><\/p>\n","protected":false},"excerpt":{"rendered":"<p>Desde el inicio de la pandemia y hasta hace 10 d\u00edas, en los casos positivos de Covid-19 detectados en Arrecifes prevalec\u00eda el contagio por contacto. Esto significa que quien adquir\u00eda la enfermedad lo hac\u00eda de determinada persona con la que se compart\u00eda relaci\u00f3n de familia o de trabajo, en lo que se denomina \u201ccontacto estrecho\u201d. [&hellip;]<\/p>\n","protected":false},"author":4,"featured_media":80561,"comment_status":"open","ping_status":"closed","sticky":false,"template":"","format":"standard","meta":{"om_disable_all_campaigns":false,"_jetpack_memberships_contains_paid_content":false,"footnotes":""},"categories":[621],"tags":[640,197,681],"class_list":["post-80560","post","type-post","status-publish","format-standard","has-post-thumbnail","hentry","category-regionales","tag-arrecifes","tag-buenos-aires","tag-regionales"],"aioseo_notices":[],"gutentor_comment":0,"jetpack_featured_media_url":"https:\/\/eldiariodesanpedro.com.ar\/sitio\/wp-content\/uploads\/2020\/09\/Reunion-707x510-1.jpg","jetpack_shortlink":"https:\/\/wp.me\/p6RhLt-kXm","jetpack_sharing_enabled":true,"_links":{"self":[{"href":"https:\/\/eldiariodesanpedro.com.ar\/sitio\/wp-json\/wp\/v2\/posts\/80560","targetHints":{"allow":["GET"]}}],"collection":[{"href":"https:\/\/eldiariodesanpedro.com.ar\/sitio\/wp-json\/wp\/v2\/posts"}],"about":[{"href":"https:\/\/eldiariodesanpedro.com.ar\/sitio\/wp-json\/wp\/v2\/types\/post"}],"author":[{"embeddable":true,"href":"https:\/\/eldiariodesanpedro.com.ar\/sitio\/wp-json\/wp\/v2\/users\/4"}],"replies":[{"embeddable":true,"href":"https:\/\/eldiariodesanpedro.com.ar\/sitio\/wp-json\/wp\/v2\/comments?post=80560"}],"version-history":[{"count":1,"href":"https:\/\/eldiariodesanpedro.com.ar\/sitio\/wp-json\/wp\/v2\/posts\/80560\/revisions"}],"predecessor-version":[{"id":80562,"href":"https:\/\/eldiariodesanpedro.com.ar\/sitio\/wp-json\/wp\/v2\/posts\/80560\/revisions\/80562"}],"wp:featuredmedia":[{"embeddable":true,"href":"https:\/\/eldiariodesanpedro.com.ar\/sitio\/wp-json\/wp\/v2\/media\/80561"}],"wp:attachment":[{"href":"https:\/\/eldiariodesanpedro.com.ar\/sitio\/wp-json\/wp\/v2\/media?parent=80560"}],"wp:term":[{"taxonomy":"category","embeddable":true,"href":"https:\/\/eldiariodesanpedro.com.ar\/sitio\/wp-json\/wp\/v2\/categories?post=80560"},{"taxonomy":"post_tag","embeddable":true,"href":"https:\/\/eldiariodesanpedro.com.ar\/sitio\/wp-json\/wp\/v2\/tags?post=80560"}],"curies":[{"name":"wp","href":"https:\/\/api.w.org\/{rel}","templated":true}]}}