{"id":80544,"date":"2020-09-05T11:57:34","date_gmt":"2020-09-05T14:57:34","guid":{"rendered":"https:\/\/eldiariodesanpedro.com.ar\/sitio\/?p=80544"},"modified":"2020-09-05T11:57:37","modified_gmt":"2020-09-05T14:57:37","slug":"baradero-se-viralizo-un-mensaje-diciendo-que-habian-secuestrado-a-una-joven","status":"publish","type":"post","link":"https:\/\/eldiariodesanpedro.com.ar\/sitio\/baradero-se-viralizo-un-mensaje-diciendo-que-habian-secuestrado-a-una-joven\/","title":{"rendered":"BARADERO | Se viraliz\u00f3 un mensaje diciendo que hab\u00edan secuestrado a una joven"},"content":{"rendered":"<!-- VideographyWP Plugin Message: Automatic video embedding prevented by plugin options. -->\n\n<p>A trav\u00e9s de redes sociales se viraliz\u00f3 un mensaje el cual dec\u00eda que en calle Carrasco y Dollera en horas de la madrugaba habr\u00edan intentado secuestrar a una j\u00f3ven.<\/p>\n\n\n\n<p>El Comisario Juan Cruz Acevedo, dijo que alrededor de las 2 de la madrugada recibieron un llamado telef\u00f3nico dando cuenta de lo que pasaba y brindando el dominio del veh\u00edculo. Personal policial en conjunto con personal de tr\u00e1nsito ubicaron el autom\u00f3vil en el Cristo.<\/p>\n\n\n\n<p>\u201cSe trataba de una femenina con dos masculinos que eran todos amigos. Al hacerles el test de alcoholemia les dio positivo y se procedi\u00f3 al secuestro del veh\u00edculo\u201d.<\/p>\n\n\n\n<p>Fuente: <a href=\"https:\/\/tulineadirecta.com\/se-viralizo-un-mensaje-diciendo-que-habian-secuestrado-a-una-joven\/\">Tu Linea Directa<\/a><\/p>\n","protected":false},"excerpt":{"rendered":"<p>A trav\u00e9s de redes sociales se viraliz\u00f3 un mensaje el cual dec\u00eda que en calle Carrasco y Dollera en horas de la madrugaba habr\u00edan intentado secuestrar a una j\u00f3ven. El Comisario Juan Cruz Acevedo, dijo que alrededor de las 2 de la madrugada recibieron un llamado telef\u00f3nico dando cuenta de lo que pasaba y brindando [&hellip;]<\/p>\n","protected":false},"author":4,"featured_media":80545,"comment_status":"open","ping_status":"closed","sticky":false,"template":"","format":"standard","meta":{"om_disable_all_campaigns":false,"_jetpack_memberships_contains_paid_content":false,"footnotes":""},"categories":[2],"tags":[],"class_list":["post-80544","post","type-post","status-publish","format-standard","has-post-thumbnail","hentry","category-locales"],"aioseo_notices":[],"gutentor_comment":0,"jetpack_featured_media_url":"https:\/\/eldiariodesanpedro.com.ar\/sitio\/wp-content\/uploads\/2020\/09\/polic\u00eda.jpg","jetpack_shortlink":"https:\/\/wp.me\/p6RhLt-kX6","jetpack_sharing_enabled":true,"_links":{"self":[{"href":"https:\/\/eldiariodesanpedro.com.ar\/sitio\/wp-json\/wp\/v2\/posts\/80544","targetHints":{"allow":["GET"]}}],"collection":[{"href":"https:\/\/eldiariodesanpedro.com.ar\/sitio\/wp-json\/wp\/v2\/posts"}],"about":[{"href":"https:\/\/eldiariodesanpedro.com.ar\/sitio\/wp-json\/wp\/v2\/types\/post"}],"author":[{"embeddable":true,"href":"https:\/\/eldiariodesanpedro.com.ar\/sitio\/wp-json\/wp\/v2\/users\/4"}],"replies":[{"embeddable":true,"href":"https:\/\/eldiariodesanpedro.com.ar\/sitio\/wp-json\/wp\/v2\/comments?post=80544"}],"version-history":[{"count":1,"href":"https:\/\/eldiariodesanpedro.com.ar\/sitio\/wp-json\/wp\/v2\/posts\/80544\/revisions"}],"predecessor-version":[{"id":80546,"href":"https:\/\/eldiariodesanpedro.com.ar\/sitio\/wp-json\/wp\/v2\/posts\/80544\/revisions\/80546"}],"wp:featuredmedia":[{"embeddable":true,"href":"https:\/\/eldiariodesanpedro.com.ar\/sitio\/wp-json\/wp\/v2\/media\/80545"}],"wp:attachment":[{"href":"https:\/\/eldiariodesanpedro.com.ar\/sitio\/wp-json\/wp\/v2\/media?parent=80544"}],"wp:term":[{"taxonomy":"category","embeddable":true,"href":"https:\/\/eldiariodesanpedro.com.ar\/sitio\/wp-json\/wp\/v2\/categories?post=80544"},{"taxonomy":"post_tag","embeddable":true,"href":"https:\/\/eldiariodesanpedro.com.ar\/sitio\/wp-json\/wp\/v2\/tags?post=80544"}],"curies":[{"name":"wp","href":"https:\/\/api.w.org\/{rel}","templated":true}]}}