{"id":80541,"date":"2020-09-05T11:55:39","date_gmt":"2020-09-05T14:55:39","guid":{"rendered":"https:\/\/eldiariodesanpedro.com.ar\/sitio\/?p=80541"},"modified":"2020-09-05T11:55:43","modified_gmt":"2020-09-05T14:55:43","slug":"los-elementos-que-se-han-provisto-al-hospital-privado-sadiv-para-su-uso-seran-reintegrados-a-nuestro-hospital-cuando-haya-terminado-esta-pandemia","status":"publish","type":"post","link":"https:\/\/eldiariodesanpedro.com.ar\/sitio\/los-elementos-que-se-han-provisto-al-hospital-privado-sadiv-para-su-uso-seran-reintegrados-a-nuestro-hospital-cuando-haya-terminado-esta-pandemia\/","title":{"rendered":"\u00abLos elementos que se han provisto al Hospital Privado Sadiv para su uso ,ser\u00e1n reintegrados a nuestro hospital cuando haya terminado esta pandemia\u00bb"},"content":{"rendered":"<!-- VideographyWP Plugin Message: Automatic video embedding prevented by plugin options. -->\n\n<p>Este viernes la Cooperadora del Hospital Emilio Ruffa emiti\u00f3 un comunicado a trav\u00e9s de sus redes sociales para aclarar comentarios realizados sobre el destino de elementos prestados a la cl\u00ednica SADIV.<\/p>\n\n\n\n<p><em>\u00abAnte versiones an\u00f3nimas circulantes , La Sociedad Cooperadora del Hospital Sub- Zonal San Pedro informa que los elementos que se han provisto al Hospital Privado Sadiv para su uso ,ser\u00e1n reintegrados a nuestro hospital en el momento que afortunadamente se haya terminado esta pandemia que nos afecta a todos.Desmentimos categ\u00f3ricamente todo tipo de versi\u00f3n mal intencionada. Nos atenemos a nuestros antecedentes y a los fondos de la cooperadora y al correcto manejo de los mismos, quedando los registro contables a disposici\u00f3n de todos los asociados que lo quieran consultar. Es por esto que nos remontamos a la publicaci\u00f3n del 28 de junio pasado para dar cuenta de que el Hospital Sadiv presta las instalaciones para armar habitaciones por la pandemia , por posible colapso de nuestro hospital. Por esto, nuestra cooperadora provee yo de distintos elementos que se han adquirido con la campa\u00f1a Covid 19, los cuales ser\u00e1n devueltos y pertenecer\u00e1n al Hospital Dr. E. Ruffa. CONFIAMOS Y AGRADECEMOS A TODOS LOS QUE DE UNA MANERA U OTRA NOS AYUDAN A SEGUIR SUMANDO. \u00a1SIGAMOS TRABAJANDO!\u00bb<\/em><\/p>\n","protected":false},"excerpt":{"rendered":"<p>Este viernes la Cooperadora del Hospital Emilio Ruffa emiti\u00f3 un comunicado a trav\u00e9s de sus redes sociales para aclarar comentarios realizados sobre el destino de elementos prestados a la cl\u00ednica SADIV. \u00abAnte versiones an\u00f3nimas circulantes , La Sociedad Cooperadora del Hospital Sub- Zonal San Pedro informa que los elementos que se han provisto al Hospital [&hellip;]<\/p>\n","protected":false},"author":4,"featured_media":80542,"comment_status":"open","ping_status":"closed","sticky":false,"template":"","format":"standard","meta":{"om_disable_all_campaigns":false,"_jetpack_memberships_contains_paid_content":false,"footnotes":""},"categories":[101,2],"tags":[197,696,33],"class_list":["post-80541","post","type-post","status-publish","format-standard","has-post-thumbnail","hentry","category-interes-general-locales","category-locales","tag-buenos-aires","tag-interes-general","tag-locales"],"aioseo_notices":[],"gutentor_comment":0,"jetpack_featured_media_url":"https:\/\/eldiariodesanpedro.com.ar\/sitio\/wp-content\/uploads\/2020\/09\/106519082_3002032096556935_7336310227915923999_o.jpg","jetpack_shortlink":"https:\/\/wp.me\/p6RhLt-kX3","jetpack_sharing_enabled":true,"_links":{"self":[{"href":"https:\/\/eldiariodesanpedro.com.ar\/sitio\/wp-json\/wp\/v2\/posts\/80541","targetHints":{"allow":["GET"]}}],"collection":[{"href":"https:\/\/eldiariodesanpedro.com.ar\/sitio\/wp-json\/wp\/v2\/posts"}],"about":[{"href":"https:\/\/eldiariodesanpedro.com.ar\/sitio\/wp-json\/wp\/v2\/types\/post"}],"author":[{"embeddable":true,"href":"https:\/\/eldiariodesanpedro.com.ar\/sitio\/wp-json\/wp\/v2\/users\/4"}],"replies":[{"embeddable":true,"href":"https:\/\/eldiariodesanpedro.com.ar\/sitio\/wp-json\/wp\/v2\/comments?post=80541"}],"version-history":[{"count":1,"href":"https:\/\/eldiariodesanpedro.com.ar\/sitio\/wp-json\/wp\/v2\/posts\/80541\/revisions"}],"predecessor-version":[{"id":80543,"href":"https:\/\/eldiariodesanpedro.com.ar\/sitio\/wp-json\/wp\/v2\/posts\/80541\/revisions\/80543"}],"wp:featuredmedia":[{"embeddable":true,"href":"https:\/\/eldiariodesanpedro.com.ar\/sitio\/wp-json\/wp\/v2\/media\/80542"}],"wp:attachment":[{"href":"https:\/\/eldiariodesanpedro.com.ar\/sitio\/wp-json\/wp\/v2\/media?parent=80541"}],"wp:term":[{"taxonomy":"category","embeddable":true,"href":"https:\/\/eldiariodesanpedro.com.ar\/sitio\/wp-json\/wp\/v2\/categories?post=80541"},{"taxonomy":"post_tag","embeddable":true,"href":"https:\/\/eldiariodesanpedro.com.ar\/sitio\/wp-json\/wp\/v2\/tags?post=80541"}],"curies":[{"name":"wp","href":"https:\/\/api.w.org\/{rel}","templated":true}]}}