{"id":80538,"date":"2020-09-05T11:18:05","date_gmt":"2020-09-05T14:18:05","guid":{"rendered":"https:\/\/eldiariodesanpedro.com.ar\/sitio\/?p=80538"},"modified":"2020-09-05T11:18:09","modified_gmt":"2020-09-05T14:18:09","slug":"el-ministerio-de-trabajo-empleo-y-seguridad-social-realizo-operativos-de-inspeccion","status":"publish","type":"post","link":"https:\/\/eldiariodesanpedro.com.ar\/sitio\/el-ministerio-de-trabajo-empleo-y-seguridad-social-realizo-operativos-de-inspeccion\/","title":{"rendered":"El Ministerio de Trabajo, Empleo y Seguridad Social realiz\u00f3 operativos de inspecci\u00f3n"},"content":{"rendered":"<!-- VideographyWP Plugin Message: Automatic video embedding prevented by plugin options. -->\n\n<p>La Direcci\u00f3n de Inspecci\u00f3n Federal (DIF) y la Coordinaci\u00f3n de Prevenci\u00f3n del Trabajo Infantil y Protecci\u00f3n del Trabajo Adolescente (COODITIA), ambas de la Direcci\u00f3n Nacional de Fiscalizaci\u00f3n del Trabajo y Seguridad Social (DNFTySS), pertenecientes a la Secretaria de Trabajo del Ministerio de Trabajo, Empleo y Seguridad Social de la Naci\u00f3n (MTEySS), realizaron la semana pasada operativos de inspecci\u00f3n en nuestra ciudad de San Pedro.<\/p>\n\n\n\n<p>Se fiscalizaron tres establecimientos. En el primero de ellos, un vivero ubicado en la Ruta 1001, km 10.5, en la Localidad de R\u00edo Tala, se labr\u00f3 un Acta de Trabajo Infantil por la presencia de un menor que se encontraba esperando para prestar servicios en el lugar. El mismo fue apartado del predio.<br>Los otros dos establecimientos, dedicados al lavado de batatas, no presentaron irregularidades.<\/p>\n\n\n\n<p>Fuente: <a href=\"https:\/\/www.argentina.gob.ar\/\">Argentina <\/a><\/p>\n","protected":false},"excerpt":{"rendered":"<p>La Direcci\u00f3n de Inspecci\u00f3n Federal (DIF) y la Coordinaci\u00f3n de Prevenci\u00f3n del Trabajo Infantil y Protecci\u00f3n del Trabajo Adolescente (COODITIA), ambas de la Direcci\u00f3n Nacional de Fiscalizaci\u00f3n del Trabajo y Seguridad Social (DNFTySS), pertenecientes a la Secretaria de Trabajo del Ministerio de Trabajo, Empleo y Seguridad Social de la Naci\u00f3n (MTEySS), realizaron la semana pasada [&hellip;]<\/p>\n","protected":false},"author":4,"featured_media":80539,"comment_status":"open","ping_status":"closed","sticky":false,"template":"","format":"standard","meta":{"om_disable_all_campaigns":false,"_jetpack_memberships_contains_paid_content":false,"footnotes":""},"categories":[101,2],"tags":[197,696,33],"class_list":["post-80538","post","type-post","status-publish","format-standard","has-post-thumbnail","hentry","category-interes-general-locales","category-locales","tag-buenos-aires","tag-interes-general","tag-locales"],"aioseo_notices":[],"gutentor_comment":0,"jetpack_featured_media_url":"https:\/\/eldiariodesanpedro.com.ar\/sitio\/wp-content\/uploads\/2020\/09\/img_g-20214.jpg","jetpack_shortlink":"https:\/\/wp.me\/p6RhLt-kX0","jetpack_sharing_enabled":true,"_links":{"self":[{"href":"https:\/\/eldiariodesanpedro.com.ar\/sitio\/wp-json\/wp\/v2\/posts\/80538","targetHints":{"allow":["GET"]}}],"collection":[{"href":"https:\/\/eldiariodesanpedro.com.ar\/sitio\/wp-json\/wp\/v2\/posts"}],"about":[{"href":"https:\/\/eldiariodesanpedro.com.ar\/sitio\/wp-json\/wp\/v2\/types\/post"}],"author":[{"embeddable":true,"href":"https:\/\/eldiariodesanpedro.com.ar\/sitio\/wp-json\/wp\/v2\/users\/4"}],"replies":[{"embeddable":true,"href":"https:\/\/eldiariodesanpedro.com.ar\/sitio\/wp-json\/wp\/v2\/comments?post=80538"}],"version-history":[{"count":1,"href":"https:\/\/eldiariodesanpedro.com.ar\/sitio\/wp-json\/wp\/v2\/posts\/80538\/revisions"}],"predecessor-version":[{"id":80540,"href":"https:\/\/eldiariodesanpedro.com.ar\/sitio\/wp-json\/wp\/v2\/posts\/80538\/revisions\/80540"}],"wp:featuredmedia":[{"embeddable":true,"href":"https:\/\/eldiariodesanpedro.com.ar\/sitio\/wp-json\/wp\/v2\/media\/80539"}],"wp:attachment":[{"href":"https:\/\/eldiariodesanpedro.com.ar\/sitio\/wp-json\/wp\/v2\/media?parent=80538"}],"wp:term":[{"taxonomy":"category","embeddable":true,"href":"https:\/\/eldiariodesanpedro.com.ar\/sitio\/wp-json\/wp\/v2\/categories?post=80538"},{"taxonomy":"post_tag","embeddable":true,"href":"https:\/\/eldiariodesanpedro.com.ar\/sitio\/wp-json\/wp\/v2\/tags?post=80538"}],"curies":[{"name":"wp","href":"https:\/\/api.w.org\/{rel}","templated":true}]}}