{"id":80535,"date":"2020-09-05T11:15:27","date_gmt":"2020-09-05T14:15:27","guid":{"rendered":"https:\/\/eldiariodesanpedro.com.ar\/sitio\/?p=80535"},"modified":"2020-09-05T11:15:31","modified_gmt":"2020-09-05T14:15:31","slug":"se-realizaran-400-test-a-los-ciudadanos-para-determinar-el-porcentaje-de-inmunizacion","status":"publish","type":"post","link":"https:\/\/eldiariodesanpedro.com.ar\/sitio\/se-realizaran-400-test-a-los-ciudadanos-para-determinar-el-porcentaje-de-inmunizacion\/","title":{"rendered":"Se realizar\u00e1n 400 test a los ciudadanos para determinar el porcentaje de inmunizaci\u00f3n"},"content":{"rendered":"<!-- VideographyWP Plugin Message: Automatic video embedding prevented by plugin options. -->\n\n<p>Teniendo en cuenta la situaci\u00f3n de contagios por coronavirus en nuestra ciudad la Secretar\u00eda de Salud decidi\u00f3 realizar testeos para detectar anticuerpos libremente a ciudadanos.&nbsp;<\/p>\n\n\n\n<p>El pr\u00f3ximo 21 de septiembre se realizar\u00e1 una campa\u00f1a en zona c\u00e9ntrica donde se podr\u00e1 hacer 400 testeos a las personas que se acerquen para poder determinar si ya tuvieron la enfermedad y fueron asintom\u00e1ticos o tuvieron s\u00edntomas leves.<\/p>\n\n\n\n<p>Con este estudio los profesionales de nuestra ciudad podr\u00e1n analizar la situaci\u00f3n epidemiol\u00f3gica de nuestra ciudad.<\/p>\n\n\n\n<p>El an\u00e1lisis lo que busca es determinar si las personas generaron anticuerpos contra el covid 19 y determinar qu\u00e9 cantidad de la poblaci\u00f3n se encuentra inmunizada.<\/p>\n","protected":false},"excerpt":{"rendered":"<p>Teniendo en cuenta la situaci\u00f3n de contagios por coronavirus en nuestra ciudad la Secretar\u00eda de Salud decidi\u00f3 realizar testeos para detectar anticuerpos libremente a ciudadanos.&nbsp; El pr\u00f3ximo 21 de septiembre se realizar\u00e1 una campa\u00f1a en zona c\u00e9ntrica donde se podr\u00e1 hacer 400 testeos a las personas que se acerquen para poder determinar si ya tuvieron [&hellip;]<\/p>\n","protected":false},"author":4,"featured_media":80536,"comment_status":"open","ping_status":"closed","sticky":false,"template":"","format":"standard","meta":{"om_disable_all_campaigns":false,"_jetpack_memberships_contains_paid_content":false,"footnotes":""},"categories":[50,101,2],"tags":[197,696,33],"class_list":["post-80535","post","type-post","status-publish","format-standard","has-post-thumbnail","hentry","category-destacadas","category-interes-general-locales","category-locales","tag-buenos-aires","tag-interes-general","tag-locales"],"aioseo_notices":[],"gutentor_comment":0,"jetpack_featured_media_url":"https:\/\/eldiariodesanpedro.com.ar\/sitio\/wp-content\/uploads\/2020\/09\/20200415-637225637905102066_20200415161505-klsG-U486752345000wH-992x558@LaVanguardia-Web.jpg","jetpack_shortlink":"https:\/\/wp.me\/p6RhLt-kWX","jetpack_sharing_enabled":true,"_links":{"self":[{"href":"https:\/\/eldiariodesanpedro.com.ar\/sitio\/wp-json\/wp\/v2\/posts\/80535","targetHints":{"allow":["GET"]}}],"collection":[{"href":"https:\/\/eldiariodesanpedro.com.ar\/sitio\/wp-json\/wp\/v2\/posts"}],"about":[{"href":"https:\/\/eldiariodesanpedro.com.ar\/sitio\/wp-json\/wp\/v2\/types\/post"}],"author":[{"embeddable":true,"href":"https:\/\/eldiariodesanpedro.com.ar\/sitio\/wp-json\/wp\/v2\/users\/4"}],"replies":[{"embeddable":true,"href":"https:\/\/eldiariodesanpedro.com.ar\/sitio\/wp-json\/wp\/v2\/comments?post=80535"}],"version-history":[{"count":1,"href":"https:\/\/eldiariodesanpedro.com.ar\/sitio\/wp-json\/wp\/v2\/posts\/80535\/revisions"}],"predecessor-version":[{"id":80537,"href":"https:\/\/eldiariodesanpedro.com.ar\/sitio\/wp-json\/wp\/v2\/posts\/80535\/revisions\/80537"}],"wp:featuredmedia":[{"embeddable":true,"href":"https:\/\/eldiariodesanpedro.com.ar\/sitio\/wp-json\/wp\/v2\/media\/80536"}],"wp:attachment":[{"href":"https:\/\/eldiariodesanpedro.com.ar\/sitio\/wp-json\/wp\/v2\/media?parent=80535"}],"wp:term":[{"taxonomy":"category","embeddable":true,"href":"https:\/\/eldiariodesanpedro.com.ar\/sitio\/wp-json\/wp\/v2\/categories?post=80535"},{"taxonomy":"post_tag","embeddable":true,"href":"https:\/\/eldiariodesanpedro.com.ar\/sitio\/wp-json\/wp\/v2\/tags?post=80535"}],"curies":[{"name":"wp","href":"https:\/\/api.w.org\/{rel}","templated":true}]}}