{"id":80532,"date":"2020-09-05T10:51:59","date_gmt":"2020-09-05T13:51:59","guid":{"rendered":"https:\/\/eldiariodesanpedro.com.ar\/sitio\/?p=80532"},"modified":"2020-09-05T10:52:03","modified_gmt":"2020-09-05T13:52:03","slug":"licitacion-a-traves-de-zoom-para-obras-escolares-en-gobernador-castro","status":"publish","type":"post","link":"https:\/\/eldiariodesanpedro.com.ar\/sitio\/licitacion-a-traves-de-zoom-para-obras-escolares-en-gobernador-castro\/","title":{"rendered":"Licitaci\u00f3n a trav\u00e9s de Zoom para obras escolares en Gobernador Castro"},"content":{"rendered":"<!-- VideographyWP Plugin Message: Automatic video embedding prevented by plugin options. -->\n\n<p>La Municipalidad de San Pedro informa que esta ma\u00f1ana se procedi\u00f3 a la apertura de sobres para ingresar formalmente las propuestas presentadas ante el llamado a licitaci\u00f3n para la adjudicaci\u00f3n de obras en el edificio de la Escuela Primaria N\u00b035 y Escuela Secundaria N\u00b06 de Gobernador Castro.<\/p>\n\n\n\n<p>A trav\u00e9s de Zoom, en la oficina del Secretario de Econom\u00eda y Hacienda, Fabi\u00e1n Rodr\u00edguez, quien particip\u00f3 de forma remota, se registraron los expedientes presentados por las empresas.A partir de este acto, se abre el proceso habitual de an\u00e1lisis de cada una de las ofertas para cumplir con la adjudicaci\u00f3n en los pr\u00f3ximos d\u00edas, de las obras de reacondicionamiento de los ba\u00f1os generales, y la construcci\u00f3n de una cocina y de ba\u00f1os para personas con discapacidad en el establecimiento educativo.<\/p>\n","protected":false},"excerpt":{"rendered":"<p>La Municipalidad de San Pedro informa que esta ma\u00f1ana se procedi\u00f3 a la apertura de sobres para ingresar formalmente las propuestas presentadas ante el llamado a licitaci\u00f3n para la adjudicaci\u00f3n de obras en el edificio de la Escuela Primaria N\u00b035 y Escuela Secundaria N\u00b06 de Gobernador Castro. A trav\u00e9s de Zoom, en la oficina del [&hellip;]<\/p>\n","protected":false},"author":4,"featured_media":80533,"comment_status":"open","ping_status":"closed","sticky":false,"template":"","format":"standard","meta":{"om_disable_all_campaigns":false,"_jetpack_memberships_contains_paid_content":false,"footnotes":""},"categories":[101,2],"tags":[197,696,33,19],"class_list":["post-80532","post","type-post","status-publish","format-standard","has-post-thumbnail","hentry","category-interes-general-locales","category-locales","tag-buenos-aires","tag-interes-general","tag-locales","tag-san-pedro"],"aioseo_notices":[],"gutentor_comment":0,"jetpack_featured_media_url":"https:\/\/eldiariodesanpedro.com.ar\/sitio\/wp-content\/uploads\/2020\/09\/118907091_3293797054048280_2018486975116077758_o.jpg","jetpack_shortlink":"https:\/\/wp.me\/p6RhLt-kWU","jetpack_sharing_enabled":true,"_links":{"self":[{"href":"https:\/\/eldiariodesanpedro.com.ar\/sitio\/wp-json\/wp\/v2\/posts\/80532","targetHints":{"allow":["GET"]}}],"collection":[{"href":"https:\/\/eldiariodesanpedro.com.ar\/sitio\/wp-json\/wp\/v2\/posts"}],"about":[{"href":"https:\/\/eldiariodesanpedro.com.ar\/sitio\/wp-json\/wp\/v2\/types\/post"}],"author":[{"embeddable":true,"href":"https:\/\/eldiariodesanpedro.com.ar\/sitio\/wp-json\/wp\/v2\/users\/4"}],"replies":[{"embeddable":true,"href":"https:\/\/eldiariodesanpedro.com.ar\/sitio\/wp-json\/wp\/v2\/comments?post=80532"}],"version-history":[{"count":1,"href":"https:\/\/eldiariodesanpedro.com.ar\/sitio\/wp-json\/wp\/v2\/posts\/80532\/revisions"}],"predecessor-version":[{"id":80534,"href":"https:\/\/eldiariodesanpedro.com.ar\/sitio\/wp-json\/wp\/v2\/posts\/80532\/revisions\/80534"}],"wp:featuredmedia":[{"embeddable":true,"href":"https:\/\/eldiariodesanpedro.com.ar\/sitio\/wp-json\/wp\/v2\/media\/80533"}],"wp:attachment":[{"href":"https:\/\/eldiariodesanpedro.com.ar\/sitio\/wp-json\/wp\/v2\/media?parent=80532"}],"wp:term":[{"taxonomy":"category","embeddable":true,"href":"https:\/\/eldiariodesanpedro.com.ar\/sitio\/wp-json\/wp\/v2\/categories?post=80532"},{"taxonomy":"post_tag","embeddable":true,"href":"https:\/\/eldiariodesanpedro.com.ar\/sitio\/wp-json\/wp\/v2\/tags?post=80532"}],"curies":[{"name":"wp","href":"https:\/\/api.w.org\/{rel}","templated":true}]}}