{"id":80530,"date":"2020-09-04T21:30:57","date_gmt":"2020-09-05T00:30:57","guid":{"rendered":"https:\/\/eldiariodesanpedro.com.ar\/sitio\/?p=80530"},"modified":"2020-09-04T21:31:01","modified_gmt":"2020-09-05T00:31:01","slug":"en-la-jornada-de-hoy-se-registran-11-nuevos-positivos","status":"publish","type":"post","link":"https:\/\/eldiariodesanpedro.com.ar\/sitio\/en-la-jornada-de-hoy-se-registran-11-nuevos-positivos\/","title":{"rendered":"En la jornada de hoy se registran 11 nuevos positivos"},"content":{"rendered":"<!-- VideographyWP Plugin Message: Automatic video embedding prevented by plugin options. -->\n\n<p>La Secretar\u00eda de Salud de la Municipalidad de San Pedro informa que hasta el momento se suman 11 nuevos casos positivos, informados desde los laboratorios que procesan muestras enviadas desde nuestro distrito.<\/p>\n\n\n\n<p>Adem\u00e1s, se notificaron 18 muestras negativas.<br>Hoy se enviaron 46 muestras y se cargaron 17 altas.<br>En San Pedro al d\u00eda de la fecha se registran 96 casos activos y est\u00e1n pendientes 107 muestras.<\/p>\n\n\n\n<p>Detalle:<br>Sistema P\u00fablico: Sin resultados el d\u00eda de hoy<\/p>\n\n\n\n<p>Sistema Mixto: 5 casos positivos<\/p>\n\n\n\n<ul class=\"wp-block-list\"><li>Desde el sistema mixto, con hisopado p\u00fablico y an\u00e1lisis privados, se recibieron los resultados de 21 muestras enviadas el 2 de septiembre, con 5 casos positivos y 16 casos negativos.<\/li><\/ul>\n\n\n\n<p>Los positivos corresponden a mujeres de 36 y 63 a\u00f1os; y hombres de 24, 29 y 47 a\u00f1os.<\/p>\n\n\n\n<p>Laboratorios Privados: 6 casos positivos<\/p>\n\n\n\n<ul class=\"wp-block-list\"><li>4 casos positivos informados por el Laboratorio del Hospital Sadiv, correspondientes a dos mujeres de 32 y 44 a\u00f1os y dos hombres de 48 y 68 a\u00f1os. Adem\u00e1s se procesaron 2 muestras negativas<\/li><\/ul>\n\n\n\n<p>+1 caso positivo informado por Cl\u00ednica San Pedro, en un hombre de 64 a\u00f1os.<br>+1 caso positivo hisopado en Rosario, en un hombre de 35 a\u00f1os.<\/p>\n\n\n\n<p>Recuperados: 17<br>Los nuevos pacientes que se suman al grupo de recuperados son mujeres de 22, 26, 41, 42, 50, 54 y 66 a\u00f1os; y hombres de 19, 22, 32, 33, 43, 47, 48, 51, 61 y 75 a\u00f1os.<\/p>\n\n\n\n<p>Muestras<br>En la jornada de hoy, se enviaron 40 muestras al sistema p\u00fablico correspondientes a:<\/p>\n\n\n\n<ul class=\"wp-block-list\"><li>15 mujeres de 29, 31(2), 34, 35, 39, 40, 42, 44, 50, 52, 53, 59, 64 y 81 a\u00f1os.<\/li><li>25 hombres de 11 meses, 19, 22, 23, 24(2), 25(3), 26, 27, 34, 35, 42, 44(3), 47(2), 48, 56, 62(2), 66(2) a\u00f1os.<\/li><\/ul>\n\n\n\n<p>Adem\u00e1s, se enviaron 6 muestras al sistema mixto:<\/p>\n\n\n\n<ul class=\"wp-block-list\"><li>2 (dos) mujeres de 31 y 40 a\u00f1os.<\/li><li>4 (cuatro) hombres de 22, 38, 41 y 66 a\u00f1os.<\/li><\/ul>\n\n\n\n<p>Con esta actualizaci\u00f3n el resumen es el siguiente:<\/p>\n\n\n\n<p>RESUMEN<br>Nuevas muestras enviadas p\u00fablico-mixto: 46<br>Muestras Pendientes p\u00fablico-mixto: 107<br>Nuevas muestras negativas p\u00fablico-mixto-privado: 18<br>Nuevos Casos Positivos p\u00fablico-mixto-privado: 11<br>Total de confirmados: 486(*)<br>Total de casos activos: 96<br>Total de casos recuperados: 369<br>Total de casos fallecidos: 21<br>Total de muestras negativas sistema p\u00fablico-mixto-privado: 819<br>(*) En este informe s\u00f3lo se incluyen los positivos confirmados con hisopado.<\/p>\n\n\n\n<p>&#x1f449; Usar tapabocas.<br>&#x1f449; Mantener la distancia m\u00ednima de 2 metros.<br>&#x1f449; Extremar la higiene de los espacios.<br>&#x1f449; Mantener las manos limpias.<\/p>\n\n\n\n<p>Se recuerda que, ante s\u00edntomas de tos seca, fiebre y dolor de garganta y la probabilidad de haber estado en contacto con enfermos o viajeros llegados desde las zonas transmisi\u00f3n local o comunitaria se puede llamar al 148 o 107.<\/p>\n","protected":false},"excerpt":{"rendered":"<p>La Secretar\u00eda de Salud de la Municipalidad de San Pedro informa que hasta el momento se suman 11 nuevos casos positivos, informados desde los laboratorios que procesan muestras enviadas desde nuestro distrito. Adem\u00e1s, se notificaron 18 muestras negativas.Hoy se enviaron 46 muestras y se cargaron 17 altas.En San Pedro al d\u00eda de la fecha se [&hellip;]<\/p>\n","protected":false},"author":4,"featured_media":80200,"comment_status":"open","ping_status":"closed","sticky":false,"template":"","format":"standard","meta":{"om_disable_all_campaigns":false,"_jetpack_memberships_contains_paid_content":false,"footnotes":""},"categories":[2,103],"tags":[197,808,696,33,19],"class_list":["post-80530","post","type-post","status-publish","format-standard","has-post-thumbnail","hentry","category-locales","category-policiales-locales","tag-buenos-aires","tag-coronavirus","tag-interes-general","tag-locales","tag-san-pedro"],"aioseo_notices":[],"gutentor_comment":0,"jetpack_featured_media_url":"https:\/\/eldiariodesanpedro.com.ar\/sitio\/wp-content\/uploads\/2020\/08\/no_padj1tmj7udh9quno_6swip0nagtkt36ucovid_positivo.png","jetpack_shortlink":"https:\/\/wp.me\/p6RhLt-kWS","jetpack_sharing_enabled":true,"_links":{"self":[{"href":"https:\/\/eldiariodesanpedro.com.ar\/sitio\/wp-json\/wp\/v2\/posts\/80530","targetHints":{"allow":["GET"]}}],"collection":[{"href":"https:\/\/eldiariodesanpedro.com.ar\/sitio\/wp-json\/wp\/v2\/posts"}],"about":[{"href":"https:\/\/eldiariodesanpedro.com.ar\/sitio\/wp-json\/wp\/v2\/types\/post"}],"author":[{"embeddable":true,"href":"https:\/\/eldiariodesanpedro.com.ar\/sitio\/wp-json\/wp\/v2\/users\/4"}],"replies":[{"embeddable":true,"href":"https:\/\/eldiariodesanpedro.com.ar\/sitio\/wp-json\/wp\/v2\/comments?post=80530"}],"version-history":[{"count":1,"href":"https:\/\/eldiariodesanpedro.com.ar\/sitio\/wp-json\/wp\/v2\/posts\/80530\/revisions"}],"predecessor-version":[{"id":80531,"href":"https:\/\/eldiariodesanpedro.com.ar\/sitio\/wp-json\/wp\/v2\/posts\/80530\/revisions\/80531"}],"wp:featuredmedia":[{"embeddable":true,"href":"https:\/\/eldiariodesanpedro.com.ar\/sitio\/wp-json\/wp\/v2\/media\/80200"}],"wp:attachment":[{"href":"https:\/\/eldiariodesanpedro.com.ar\/sitio\/wp-json\/wp\/v2\/media?parent=80530"}],"wp:term":[{"taxonomy":"category","embeddable":true,"href":"https:\/\/eldiariodesanpedro.com.ar\/sitio\/wp-json\/wp\/v2\/categories?post=80530"},{"taxonomy":"post_tag","embeddable":true,"href":"https:\/\/eldiariodesanpedro.com.ar\/sitio\/wp-json\/wp\/v2\/tags?post=80530"}],"curies":[{"name":"wp","href":"https:\/\/api.w.org\/{rel}","templated":true}]}}