{"id":80524,"date":"2020-09-04T19:17:59","date_gmt":"2020-09-04T22:17:59","guid":{"rendered":"https:\/\/eldiariodesanpedro.com.ar\/sitio\/?p=80524"},"modified":"2020-09-04T19:18:03","modified_gmt":"2020-09-04T22:18:03","slug":"habilitaron-las-competencias-automovilisticas-en-la-provincia-de-buenos-aires","status":"publish","type":"post","link":"https:\/\/eldiariodesanpedro.com.ar\/sitio\/habilitaron-las-competencias-automovilisticas-en-la-provincia-de-buenos-aires\/","title":{"rendered":"Habilitaron las competencias automovil\u00edsticas en la provincia de Buenos Aires"},"content":{"rendered":"<!-- VideographyWP Plugin Message: Automatic video embedding prevented by plugin options. -->\n\n<p>Atrav\u00e9s del Bolet\u00edn Oficial, el Gobierno de la Provincia de Buenos Aires dio a conocer la habilitaci\u00f3n del automovilismo.<\/p>\n\n\n\n<p>El Gobierno de la Provincia de Buenos Aires comunic\u00f3 en el Bolet\u00edn Oficial de este viernes la habilitaci\u00f3n del automovilismo. Adem\u00e1s, el escrito manifiesta que las competencias pueden ser suspendidas o reiniciadas seg\u00fan la situaci\u00f3n sanitaria que se est\u00e9 transitando.<\/p>\n\n\n\n<p>A continuaci\u00f3n, un fragmento del Bolet\u00edn Oficial que comunica la habilitaci\u00f3n del automovilismo:<\/p>\n\n\n\n<p><strong>ART\u00cdCULO 5\u00b0.<\/strong>&nbsp;<em><strong>Facultar al Ministro Secretario en el Departamento de Jefatura de Gabinete de Ministros a dictar, en los t\u00e9rminos de la Decisi\u00f3n Administrativa N\u00b0 1592\/2020, las reglamentaciones necesarias para la pr\u00e1ctica de competencias automovil\u00edsticas, en el \u00e1mbito de la provincia de Buenos Aires, de acuerdo al protocolo aprobado por la autoridad sanitaria nacional.<\/strong><\/em><\/p>\n\n\n\n<p><em><strong>Autorizar al titular de la referida cartera ministerial a disponer la fecha de inicio para el desarrollo de la pr\u00e1ctica mencionada en el p\u00e1rrafo precedente, la cual podr\u00e1 ser implementada gradualmente, suspendida o reanudada por el mentado funcionario en virtud de las recomendaciones del Ministerio de Salud y conforme a la situaci\u00f3n epidemiol\u00f3gica y sanitaria.<\/strong><\/em><\/p>\n\n\n\n<p><em><strong>Asimismo, podr\u00e1 determinar uno o m\u00e1s d\u00edas para desarrollar dicha actividad, y limitar su duraci\u00f3n con el fin de proteger la salud p\u00fablica.<\/strong><\/em><\/p>\n\n\n\n<p><em><strong>Los actos dictados en uso de las atribuciones conferidas por el presente art\u00edculo, deber\u00e1n ser comunicados al Jefe de Gabinete de Ministros de la Naci\u00f3n.\u00a0<\/strong><\/em><\/p>\n\n\n\n<p>Fuente: <a href=\"http:\/\/www.enlacecritico.com\/deportelocal\/habilitaron-las-competencias-automovilisticas-en-la-provincia-de-buenos-aires\/\">Enlace Critico<\/a><\/p>\n","protected":false},"excerpt":{"rendered":"<p>Atrav\u00e9s del Bolet\u00edn Oficial, el Gobierno de la Provincia de Buenos Aires dio a conocer la habilitaci\u00f3n del automovilismo. El Gobierno de la Provincia de Buenos Aires comunic\u00f3 en el Bolet\u00edn Oficial de este viernes la habilitaci\u00f3n del automovilismo. Adem\u00e1s, el escrito manifiesta que las competencias pueden ser suspendidas o reiniciadas seg\u00fan la situaci\u00f3n sanitaria [&hellip;]<\/p>\n","protected":false},"author":4,"featured_media":80525,"comment_status":"open","ping_status":"closed","sticky":false,"template":"","format":"standard","meta":{"om_disable_all_campaigns":false,"_jetpack_memberships_contains_paid_content":false,"footnotes":""},"categories":[621],"tags":[197,329,681],"class_list":["post-80524","post","type-post","status-publish","format-standard","has-post-thumbnail","hentry","category-regionales","tag-buenos-aires","tag-provincia","tag-regionales"],"aioseo_notices":[],"gutentor_comment":0,"jetpack_featured_media_url":"https:\/\/eldiariodesanpedro.com.ar\/sitio\/wp-content\/uploads\/2020\/09\/Tbfya70O0_1200x630__1_658x400.jpg","jetpack_shortlink":"https:\/\/wp.me\/p6RhLt-kWM","jetpack_sharing_enabled":true,"_links":{"self":[{"href":"https:\/\/eldiariodesanpedro.com.ar\/sitio\/wp-json\/wp\/v2\/posts\/80524","targetHints":{"allow":["GET"]}}],"collection":[{"href":"https:\/\/eldiariodesanpedro.com.ar\/sitio\/wp-json\/wp\/v2\/posts"}],"about":[{"href":"https:\/\/eldiariodesanpedro.com.ar\/sitio\/wp-json\/wp\/v2\/types\/post"}],"author":[{"embeddable":true,"href":"https:\/\/eldiariodesanpedro.com.ar\/sitio\/wp-json\/wp\/v2\/users\/4"}],"replies":[{"embeddable":true,"href":"https:\/\/eldiariodesanpedro.com.ar\/sitio\/wp-json\/wp\/v2\/comments?post=80524"}],"version-history":[{"count":1,"href":"https:\/\/eldiariodesanpedro.com.ar\/sitio\/wp-json\/wp\/v2\/posts\/80524\/revisions"}],"predecessor-version":[{"id":80526,"href":"https:\/\/eldiariodesanpedro.com.ar\/sitio\/wp-json\/wp\/v2\/posts\/80524\/revisions\/80526"}],"wp:featuredmedia":[{"embeddable":true,"href":"https:\/\/eldiariodesanpedro.com.ar\/sitio\/wp-json\/wp\/v2\/media\/80525"}],"wp:attachment":[{"href":"https:\/\/eldiariodesanpedro.com.ar\/sitio\/wp-json\/wp\/v2\/media?parent=80524"}],"wp:term":[{"taxonomy":"category","embeddable":true,"href":"https:\/\/eldiariodesanpedro.com.ar\/sitio\/wp-json\/wp\/v2\/categories?post=80524"},{"taxonomy":"post_tag","embeddable":true,"href":"https:\/\/eldiariodesanpedro.com.ar\/sitio\/wp-json\/wp\/v2\/tags?post=80524"}],"curies":[{"name":"wp","href":"https:\/\/api.w.org\/{rel}","templated":true}]}}