{"id":80521,"date":"2020-09-04T18:54:51","date_gmt":"2020-09-04T21:54:51","guid":{"rendered":"https:\/\/eldiariodesanpedro.com.ar\/sitio\/?p=80521"},"modified":"2020-09-04T18:54:54","modified_gmt":"2020-09-04T21:54:54","slug":"san-nicolas-accidente-fatal-en-la-ruta-188","status":"publish","type":"post","link":"https:\/\/eldiariodesanpedro.com.ar\/sitio\/san-nicolas-accidente-fatal-en-la-ruta-188\/","title":{"rendered":"SAN NICOLAS | Accidente fatal en la ruta 188"},"content":{"rendered":"<!-- VideographyWP Plugin Message: Automatic video embedding prevented by plugin options. -->\n\n<p>En horas de la ma\u00f1ana se produjo una tremenda colisi\u00f3n entre un Renault Clio y un cami\u00f3n a la altura de Acevedo. Producto del impacto perdi\u00f3 la vida una vecina de Conesa, Karina Caballero, quien viajaba en el autom\u00f3vil que era conducido por una mujer oriunda de Guerrico. Se investiga la mec\u00e1nica del accidente, que se dio pasadas las 8 de la ma\u00f1ana de hoy, bajo una intensa niebla.<\/p>\n\n\n\n<p>Fuente: <a href=\"https:\/\/diarioelnorte.com.ar\/nota?id_noticia=7796\">Diario el Norte<\/a><\/p>\n","protected":false},"excerpt":{"rendered":"<p>En horas de la ma\u00f1ana se produjo una tremenda colisi\u00f3n entre un Renault Clio y un cami\u00f3n a la altura de Acevedo. Producto del impacto perdi\u00f3 la vida una vecina de Conesa, Karina Caballero, quien viajaba en el autom\u00f3vil que era conducido por una mujer oriunda de Guerrico. Se investiga la mec\u00e1nica del accidente, que [&hellip;]<\/p>\n","protected":false},"author":4,"featured_media":80522,"comment_status":"open","ping_status":"closed","sticky":false,"template":"","format":"standard","meta":{"om_disable_all_campaigns":false,"_jetpack_memberships_contains_paid_content":false,"footnotes":""},"categories":[621],"tags":[197,681,714],"class_list":["post-80521","post","type-post","status-publish","format-standard","has-post-thumbnail","hentry","category-regionales","tag-buenos-aires","tag-regionales","tag-san-nicolas"],"aioseo_notices":[],"gutentor_comment":0,"jetpack_featured_media_url":"https:\/\/eldiariodesanpedro.com.ar\/sitio\/wp-content\/uploads\/2020\/09\/0-2.jpg","jetpack_shortlink":"https:\/\/wp.me\/p6RhLt-kWJ","jetpack_sharing_enabled":true,"_links":{"self":[{"href":"https:\/\/eldiariodesanpedro.com.ar\/sitio\/wp-json\/wp\/v2\/posts\/80521","targetHints":{"allow":["GET"]}}],"collection":[{"href":"https:\/\/eldiariodesanpedro.com.ar\/sitio\/wp-json\/wp\/v2\/posts"}],"about":[{"href":"https:\/\/eldiariodesanpedro.com.ar\/sitio\/wp-json\/wp\/v2\/types\/post"}],"author":[{"embeddable":true,"href":"https:\/\/eldiariodesanpedro.com.ar\/sitio\/wp-json\/wp\/v2\/users\/4"}],"replies":[{"embeddable":true,"href":"https:\/\/eldiariodesanpedro.com.ar\/sitio\/wp-json\/wp\/v2\/comments?post=80521"}],"version-history":[{"count":1,"href":"https:\/\/eldiariodesanpedro.com.ar\/sitio\/wp-json\/wp\/v2\/posts\/80521\/revisions"}],"predecessor-version":[{"id":80523,"href":"https:\/\/eldiariodesanpedro.com.ar\/sitio\/wp-json\/wp\/v2\/posts\/80521\/revisions\/80523"}],"wp:featuredmedia":[{"embeddable":true,"href":"https:\/\/eldiariodesanpedro.com.ar\/sitio\/wp-json\/wp\/v2\/media\/80522"}],"wp:attachment":[{"href":"https:\/\/eldiariodesanpedro.com.ar\/sitio\/wp-json\/wp\/v2\/media?parent=80521"}],"wp:term":[{"taxonomy":"category","embeddable":true,"href":"https:\/\/eldiariodesanpedro.com.ar\/sitio\/wp-json\/wp\/v2\/categories?post=80521"},{"taxonomy":"post_tag","embeddable":true,"href":"https:\/\/eldiariodesanpedro.com.ar\/sitio\/wp-json\/wp\/v2\/tags?post=80521"}],"curies":[{"name":"wp","href":"https:\/\/api.w.org\/{rel}","templated":true}]}}