{"id":80470,"date":"2020-09-03T13:18:57","date_gmt":"2020-09-03T16:18:57","guid":{"rendered":"https:\/\/eldiariodesanpedro.com.ar\/sitio\/?p=80470"},"modified":"2020-09-03T13:19:01","modified_gmt":"2020-09-03T16:19:01","slug":"defensa-de-consumidor-informa-sobre-aumentos-en-cable-internet-y-telefonia-movil","status":"publish","type":"post","link":"https:\/\/eldiariodesanpedro.com.ar\/sitio\/defensa-de-consumidor-informa-sobre-aumentos-en-cable-internet-y-telefonia-movil\/","title":{"rendered":"Defensa de Consumidor informa sobre aumentos en cable, internet y telefon\u00eda m\u00f3vil"},"content":{"rendered":"<!-- VideographyWP Plugin Message: Automatic video embedding prevented by plugin options. -->\n\n<p>La oficia de Defensa del Consumidor de San Pedro env\u00eda un comunicado a la sociedad debido a varias consultas sobre los aumentos sufridos en los servicios de cables, Internet y telefon\u00eda m\u00f3vil.<\/p>\n\n\n\n<p><em>Atento a las consultas recibidas ante este Organismo, por el congelamiento de tarifas dispuesto por el DNU N\u00b0 690\/2020, el cu\u00e1l establece como servicios p\u00fablicos \u00abesenciales y estrat\u00e9gicos en competencia\u00bb a la telefon\u00eda fija y m\u00f3vil, Internet y la televisi\u00f3n por cable, es dable destacar que las tarifas de los planes no sufrir\u00e1n modificaciones hasta el \u00faltimo d\u00eda del a\u00f1o.<\/em><\/p>\n\n\n\n<p><em>Sin perjuicio de ello, cualquiera de los servicios que han sido dispuestos como esenciales, presentasen modificaciones y\/o subas de precios en la factura con fecha de vencimiento Septiembre de 2020, los incrementos percibidos deber\u00e1n ser reintegrados a los usuarios en la pr\u00f3xima facturaci\u00f3n, con fecha Octubre de 2020.<\/em><\/p>\n\n\n\n<p><em>Los usuarios NO DEBEN realizar ning\u00fan tipo de tr\u00e1mite ante los proveedores del servicio y\/o ante las Oficinas de Defensa del Consumidor, sino que la devoluci\u00f3n de los importes abonados se efectuar\u00e1 de manera autom\u00e1tica sobre las pr\u00f3ximas facturaciones, tal como, sucedi\u00f3 con la devoluci\u00f3n del pack f\u00fatbol durante el mes de Mayo\/2020.<\/em><\/p>\n\n\n\n<p><em>Ante cualquier duda o consulta, podr\u00e1n comunicarse con nuestra Oficina al (03329) 424-039 de lunes a viernes de 8 a 14 horas o al mail: defensaconsumidor@sanpedro.gob.ar, ya que, a\u00fan la Oficina de Defensa del Consumidor permanece cerrada al p\u00fablico, aunque atendiendo por dichos canales como desde el comienzo del APSO .<\/em><\/p>\n\n\n\n<p>Oficina Municipal de Defensa del Consumidor<br>Secretar\u00eda de Econom\u00eda y Hacienda<br>Municipalidad de San Pedro<br>Bme. Mitre N\u00b0 2.609 &#8211; 2930<br>(03329) 424039<\/p>\n","protected":false},"excerpt":{"rendered":"<p>La oficia de Defensa del Consumidor de San Pedro env\u00eda un comunicado a la sociedad debido a varias consultas sobre los aumentos sufridos en los servicios de cables, Internet y telefon\u00eda m\u00f3vil. Atento a las consultas recibidas ante este Organismo, por el congelamiento de tarifas dispuesto por el DNU N\u00b0 690\/2020, el cu\u00e1l establece como [&hellip;]<\/p>\n","protected":false},"author":4,"featured_media":80471,"comment_status":"open","ping_status":"closed","sticky":false,"template":"","format":"standard","meta":{"om_disable_all_campaigns":false,"_jetpack_memberships_contains_paid_content":false,"footnotes":""},"categories":[101,2],"tags":[197,1757,696,33,19],"class_list":["post-80470","post","type-post","status-publish","format-standard","has-post-thumbnail","hentry","category-interes-general-locales","category-locales","tag-buenos-aires","tag-cablevision-fibertel-personal","tag-interes-general","tag-locales","tag-san-pedro"],"aioseo_notices":[],"gutentor_comment":0,"jetpack_featured_media_url":"https:\/\/eldiariodesanpedro.com.ar\/sitio\/wp-content\/uploads\/2020\/09\/multimedia.normal.bd921af384f8818f.6e6f726d616c2e6a7067.jpg","jetpack_shortlink":"https:\/\/wp.me\/p6RhLt-kVU","jetpack_sharing_enabled":true,"_links":{"self":[{"href":"https:\/\/eldiariodesanpedro.com.ar\/sitio\/wp-json\/wp\/v2\/posts\/80470","targetHints":{"allow":["GET"]}}],"collection":[{"href":"https:\/\/eldiariodesanpedro.com.ar\/sitio\/wp-json\/wp\/v2\/posts"}],"about":[{"href":"https:\/\/eldiariodesanpedro.com.ar\/sitio\/wp-json\/wp\/v2\/types\/post"}],"author":[{"embeddable":true,"href":"https:\/\/eldiariodesanpedro.com.ar\/sitio\/wp-json\/wp\/v2\/users\/4"}],"replies":[{"embeddable":true,"href":"https:\/\/eldiariodesanpedro.com.ar\/sitio\/wp-json\/wp\/v2\/comments?post=80470"}],"version-history":[{"count":1,"href":"https:\/\/eldiariodesanpedro.com.ar\/sitio\/wp-json\/wp\/v2\/posts\/80470\/revisions"}],"predecessor-version":[{"id":80472,"href":"https:\/\/eldiariodesanpedro.com.ar\/sitio\/wp-json\/wp\/v2\/posts\/80470\/revisions\/80472"}],"wp:featuredmedia":[{"embeddable":true,"href":"https:\/\/eldiariodesanpedro.com.ar\/sitio\/wp-json\/wp\/v2\/media\/80471"}],"wp:attachment":[{"href":"https:\/\/eldiariodesanpedro.com.ar\/sitio\/wp-json\/wp\/v2\/media?parent=80470"}],"wp:term":[{"taxonomy":"category","embeddable":true,"href":"https:\/\/eldiariodesanpedro.com.ar\/sitio\/wp-json\/wp\/v2\/categories?post=80470"},{"taxonomy":"post_tag","embeddable":true,"href":"https:\/\/eldiariodesanpedro.com.ar\/sitio\/wp-json\/wp\/v2\/tags?post=80470"}],"curies":[{"name":"wp","href":"https:\/\/api.w.org\/{rel}","templated":true}]}}