{"id":80467,"date":"2020-09-03T13:11:12","date_gmt":"2020-09-03T16:11:12","guid":{"rendered":"https:\/\/eldiariodesanpedro.com.ar\/sitio\/?p=80467"},"modified":"2020-09-03T13:11:13","modified_gmt":"2020-09-03T16:11:13","slug":"se-decreta-feriado-local-el-proximo-8-de-septiembre","status":"publish","type":"post","link":"https:\/\/eldiariodesanpedro.com.ar\/sitio\/se-decreta-feriado-local-el-proximo-8-de-septiembre\/","title":{"rendered":"Se decreta feriado local el pr\u00f3ximo 8 de Septiembre"},"content":{"rendered":"<!-- VideographyWP Plugin Message: Automatic video embedding prevented by plugin options. -->\n\n<p>La Municipalidad de San Pedro informa que se ha firmado el Decreto 0792\/2020 que establece para este martes 8 de septiembre, D\u00eda No Laborable para la Administraci\u00f3n P\u00fablica Municipal e Instituciones Provinciales, y Feriado Optativo para la industria, comercio y restantes actividades, al conmemorarse la Festividad de Nuestra Se\u00f1ora del Socorro, Patrona del Partido de San Pedro. Como es habitual en estas fechas, se mantendr\u00e1n las guardias correspondientes a todos los servicios que brinda el Municipio.<\/p>\n","protected":false},"excerpt":{"rendered":"<p>La Municipalidad de San Pedro informa que se ha firmado el Decreto 0792\/2020 que establece para este martes 8 de septiembre, D\u00eda No Laborable para la Administraci\u00f3n P\u00fablica Municipal e Instituciones Provinciales, y Feriado Optativo para la industria, comercio y restantes actividades, al conmemorarse la Festividad de Nuestra Se\u00f1ora del Socorro, Patrona del Partido de [&hellip;]<\/p>\n","protected":false},"author":4,"featured_media":80468,"comment_status":"open","ping_status":"closed","sticky":false,"template":"","format":"standard","meta":{"om_disable_all_campaigns":false,"_jetpack_memberships_contains_paid_content":false,"footnotes":""},"categories":[50,101,2],"tags":[197,696,33,19],"class_list":["post-80467","post","type-post","status-publish","format-standard","has-post-thumbnail","hentry","category-destacadas","category-interes-general-locales","category-locales","tag-buenos-aires","tag-interes-general","tag-locales","tag-san-pedro"],"aioseo_notices":[],"gutentor_comment":0,"jetpack_featured_media_url":"https:\/\/eldiariodesanpedro.com.ar\/sitio\/wp-content\/uploads\/2020\/09\/Nuestra-Se\u00f1ora-del-Socorro.jpg","jetpack_shortlink":"https:\/\/wp.me\/p6RhLt-kVR","jetpack_sharing_enabled":true,"_links":{"self":[{"href":"https:\/\/eldiariodesanpedro.com.ar\/sitio\/wp-json\/wp\/v2\/posts\/80467","targetHints":{"allow":["GET"]}}],"collection":[{"href":"https:\/\/eldiariodesanpedro.com.ar\/sitio\/wp-json\/wp\/v2\/posts"}],"about":[{"href":"https:\/\/eldiariodesanpedro.com.ar\/sitio\/wp-json\/wp\/v2\/types\/post"}],"author":[{"embeddable":true,"href":"https:\/\/eldiariodesanpedro.com.ar\/sitio\/wp-json\/wp\/v2\/users\/4"}],"replies":[{"embeddable":true,"href":"https:\/\/eldiariodesanpedro.com.ar\/sitio\/wp-json\/wp\/v2\/comments?post=80467"}],"version-history":[{"count":1,"href":"https:\/\/eldiariodesanpedro.com.ar\/sitio\/wp-json\/wp\/v2\/posts\/80467\/revisions"}],"predecessor-version":[{"id":80469,"href":"https:\/\/eldiariodesanpedro.com.ar\/sitio\/wp-json\/wp\/v2\/posts\/80467\/revisions\/80469"}],"wp:featuredmedia":[{"embeddable":true,"href":"https:\/\/eldiariodesanpedro.com.ar\/sitio\/wp-json\/wp\/v2\/media\/80468"}],"wp:attachment":[{"href":"https:\/\/eldiariodesanpedro.com.ar\/sitio\/wp-json\/wp\/v2\/media?parent=80467"}],"wp:term":[{"taxonomy":"category","embeddable":true,"href":"https:\/\/eldiariodesanpedro.com.ar\/sitio\/wp-json\/wp\/v2\/categories?post=80467"},{"taxonomy":"post_tag","embeddable":true,"href":"https:\/\/eldiariodesanpedro.com.ar\/sitio\/wp-json\/wp\/v2\/tags?post=80467"}],"curies":[{"name":"wp","href":"https:\/\/api.w.org\/{rel}","templated":true}]}}