{"id":80459,"date":"2020-09-03T12:40:22","date_gmt":"2020-09-03T15:40:22","guid":{"rendered":"https:\/\/eldiariodesanpedro.com.ar\/sitio\/?p=80459"},"modified":"2020-09-03T13:12:05","modified_gmt":"2020-09-03T16:12:05","slug":"se-presento-el-segundo-informe-sobre-las-cadenas-halladas-en-vuelta-de-obligado","status":"publish","type":"post","link":"https:\/\/eldiariodesanpedro.com.ar\/sitio\/se-presento-el-segundo-informe-sobre-las-cadenas-halladas-en-vuelta-de-obligado\/","title":{"rendered":"Se presento el segundo informe sobre las cadenas halladas en Vuelta de Obligado"},"content":{"rendered":"<!-- VideographyWP Plugin Message: Automatic video embedding prevented by plugin options. -->\n\n<p>Segundo informe realizado por el Departamento de Ciencias Sociales de la Universidad Nacional de Luj\u00e1n, a trav\u00e9s del Programa de Arqueolog\u00eda Hist\u00f3rica y Estudios Pluridisciplinarios, en las cadenas halladas en Vuelta de Obligado. Las actividades desarrolladas se enmarcan dentro del estudio denominado Investigaci\u00f3n Interdisciplinaria acerca de la Batalla de Vuelta de Obligado en el marco de la Guerra del Paran\u00e1.<\/p>\n\n\n\n<p><em>\u00abEl Departamento de Ciencias Sociales de la Universidad Nacional de Luj\u00e1n a trav\u00e9s del programa de Arqueolog\u00eda Hist\u00f3rica y Estudios Pluridisciplinarios dirigido por el Dr. Mariano Ramos; Dr. Carlos Landa y la Lic. Alejanda Raies brind\u00f3 a la Direcci\u00f3n de Cultura de la Municipalidad de San Pedro el #SegundoInforme sobre el hallazgo de cadenas en las costas de #VueltaDeObligado.<\/em><\/p>\n\n\n\n<p><em>Como se\u00f1alamos en el Primer Informe (agosto de 2020) presentado durante agosto, \u201cel particular contexto arqueol\u00f3gico hallado como consecuencia de la bajante hist\u00f3rica del r\u00edo Paran\u00e1, representa una oportunidad \u00fanica para el estudio de los elementos relacionados con el sistema defensivo montado en el campo de batalla de Vuelta de Obligado.\u201d<\/em><\/p>\n\n\n\n<p><em>Considerando esta situaci\u00f3n excepcional, de duraci\u00f3n limitada, continuamos desarrollando un estudio de urgencia e implementamos un Plan arqueol\u00f3gico integral, con dos fases: 1. en tierra y 2. bajo agua (subacu\u00e1tico).<\/em><\/p>\n\n\n\n<ol class=\"wp-block-list\"><li><em>Fase en tierra: prospecci\u00f3n superficial y sub-superficial (utilizando detectores de metal) mediante transectas orientadas en relaci\u00f3n con los documentos escritos para obtener informaci\u00f3n con respecto a posibles continuidades de tramos de cadenas y la ubicaci\u00f3n del mogote original de fijaci\u00f3n. Por otra parte, dentro de esas transectas se plantea la realizaci\u00f3n de una serie de sondeos con el mismo objetivo. Adem\u00e1s esto abre la posibilidad para obtener informaci\u00f3n sobre los procesos de formaci\u00f3n del sitio.<\/em><\/li><li><em>Fase bajo el agua: prospecci\u00f3n a escala 1 a 1 realizada a trav\u00e9s del buceo aut\u00f3nomo sobre una superficie estimada inicialmente de 400 m2. La actividad cumplir\u00eda con el objetivo de hallar m\u00e1s restos de la cadena en la orilla del r\u00edo en condiciones excepcionales de bajante. Asimismo se demarcar\u00e1n otros tipos de restos artefactuales o estructurales que pudieran hallarse durante los trabajos de prospecci\u00f3n.<\/em><br><br>Por otra parte, se busca aportar informaci\u00f3n sobre la topograf\u00eda y tipo del fondo del r\u00edo hasta una m\u00e1xima cota de profundidad de 10 m. Se plantea poder observar variables tales como tipo de sedimento y potencial de enterramiento. Seg\u00fan los an\u00e1lisis preliminares realizados por el Ing. Horacio de Rosa del Grupo de Arqueometalurgia (GAM) de la Facultad de Ingenier\u00eda de la Universidad de Buenos Aires (UBA) las muestras tomadas el d\u00eda 10 como las de los d\u00edas 17 y 18 de agosto de 2020, en cuanto a composici\u00f3n y caracter\u00edsticas tecnol\u00f3gicas, corresponder\u00edan a eslabones de cadena confeccionados durante las primeras d\u00e9cadas del siglo XIX (De Rosa MS 2020).<\/li><\/ol>\n\n\n\n<p><em><strong>Perspectivas y recomendaciones<br><\/strong>De volver a darse una situaci\u00f3n con un hallazgo fortuito, como el ocurrido en este caso, sobre la base de lo expuesto, lo estipulado y bajo los alcances de la Ley nacional 25.743 que trata todo lo referido al cuidado y protecci\u00f3n del Patrimonio nacional de car\u00e1cter Arqueol\u00f3gico y Paleontol\u00f3gico, se debe considerar:<\/em><\/p>\n\n\n\n<ol class=\"wp-block-list\"><li><em>que el hallazgo de cualquier elemento patrimonial debe ser informado inmediatamente a las autoridades nacionales pertinentes (INAPL, CRPAyP-PBA, Prefectura-Patrimonio) que son las que deben dar pronta intervenci\u00f3n a los profesionales arque\u00f3logos -incluso paleont\u00f3logos- para desarrollar sus estudios especializados.<\/em><\/li><li><em>Las investigaciones pueden ser realizadas en el lugar de hallazgo y, eventualmente considerando la potencial toma de muestras, para su estudio en los laboratorios que eval\u00faan las caracter\u00edsticas de composici\u00f3n y tecnolog\u00eda aplicadas en los artefactos, ecofactos, estructuras y representaciones hallados.<\/em><\/li><li><em>Frente a determinadas situaciones en las que se podr\u00eda considerar un da\u00f1o al patrimonio nacional, la zona en la que se hicieron los hallazgos deber\u00eda ser considerada como \u00e1rea de alta sensibilidad arqueol\u00f3gica. De all\u00ed la urgencia en el aviso a las autoridades pertinentes para abrir la posibilidad de realizar un estudio de impacto o rescate arqueol\u00f3gico \u2013en el marco de un estudio de impacto integral- que permitan proteger la integridad del patrimonio nacional.<\/em><\/li><\/ol>\n\n\n\n<p><em>Patrimonio. Turismo cultural y propuesta. Para finalizar, se\u00f1alamos que nos ponemos a disposici\u00f3n de las autoridades de la Municipalidad de San Pedro, como de los organismos de jurisdicci\u00f3n nacional y provincial, para llevar a cabo acciones destinadas a proteger y preservar el patrimonio material en el \u00e1rea.<\/em><\/p>\n\n\n\n<p><em>Asimismo, y como consecuencia de lo dicho, estamos generando un Plan de puesta en valor del Patrimonio hist\u00f3rico-arqueol\u00f3gico \u2013que incluye se\u00f1alizaci\u00f3n y carteler\u00eda- que permita el aprovechamiento del Patrimonio local por parte de la comunidad local como externa a Vuelta de Obligado, dentro del marco de lo que se conoce como Turismo cultural.<\/em><\/p>\n\n\n\n<p><em>Esta modalidad, implementada sobre todo durante las \u00faltimas d\u00e9cadas, destaca los aspectos culturales que ofrece un determinado lugar (por ejemplo, SENATUR 2008; Gu\u00eda 2015). Existen famosos casos de sitios arqueol\u00f3gicos europeos (como por ejemplo, ciudad de Roma o Pompeya y Herculano en Italia); americanos, como en M\u00e9xico (sitios mayas, aztecas, etc.); en Per\u00fa (sitios incas, de poblamiento, etc.); Brasil (sitios de misiones jesu\u00edticas, de puerto, paleoindios, etc.) o Chile (sitios del Arauco, de Atacama, etc.).<\/em><\/p>\n\n\n\n<p><em>Incluso en Argentina se ha puesto en valor el patrimonio material y simb\u00f3lico de muchos sitios arqueol\u00f3gicos. As\u00ed lo demuestran los casos de las Ruinas de las Misiones jesu\u00edticas en la Provincia de Misiones (2020); las Ruinas de los Quilmes en Tucum\u00e1n (2020); el \u00c1rea Fundacional de Mendoza (2017) y su Museo de sitio arqueol\u00f3gico (2017); los sitios hist\u00f3rico-arqueol\u00f3gicos de San Telmo en CABA (2020).<\/em><\/p>\n\n\n\n<p>INFORME COMPLETO Y DETALLADO<\/p>\n\n\n<a href=\"https:\/\/eldiariodesanpedro.com.ar\/sitio\/wp-content\/uploads\/2020\/09\/Segundo-informe-2020.-\u00c1rea-CADENA-Vuelta-de-Obligado.pdf\" class=\"pdfemb-viewer\" style=\"\" data-width=\"max\" data-height=\"max\" data-toolbar=\"bottom\" data-toolbar-fixed=\"off\">Segundo-informe-2020.-\u00c1rea-CADENA-Vuelta-de-Obligado<\/a>\n<p class=\"wp-block-pdfemb-pdf-embedder-viewer\"><\/p>\n","protected":false},"excerpt":{"rendered":"<p>Segundo informe realizado por el Departamento de Ciencias Sociales de la Universidad Nacional de Luj\u00e1n, a trav\u00e9s del Programa de Arqueolog\u00eda Hist\u00f3rica y Estudios Pluridisciplinarios, en las cadenas halladas en Vuelta de Obligado. Las actividades desarrolladas se enmarcan dentro del estudio denominado Investigaci\u00f3n Interdisciplinaria acerca de la Batalla de Vuelta de Obligado en el marco [&hellip;]<\/p>\n","protected":false},"author":4,"featured_media":80461,"comment_status":"open","ping_status":"closed","sticky":false,"template":"","format":"standard","meta":{"om_disable_all_campaigns":false,"_jetpack_memberships_contains_paid_content":false,"footnotes":""},"categories":[50,101,2],"tags":[197,696,33,19,674],"class_list":["post-80459","post","type-post","status-publish","format-standard","has-post-thumbnail","hentry","category-destacadas","category-interes-general-locales","category-locales","tag-buenos-aires","tag-interes-general","tag-locales","tag-san-pedro","tag-vuelta-de-obligado"],"aioseo_notices":[],"gutentor_comment":0,"jetpack_featured_media_url":"https:\/\/eldiariodesanpedro.com.ar\/sitio\/wp-content\/uploads\/2020\/09\/118791599_1729229253896084_7553672065571694183_n.jpg","jetpack_shortlink":"https:\/\/wp.me\/p6RhLt-kVJ","jetpack_sharing_enabled":true,"_links":{"self":[{"href":"https:\/\/eldiariodesanpedro.com.ar\/sitio\/wp-json\/wp\/v2\/posts\/80459","targetHints":{"allow":["GET"]}}],"collection":[{"href":"https:\/\/eldiariodesanpedro.com.ar\/sitio\/wp-json\/wp\/v2\/posts"}],"about":[{"href":"https:\/\/eldiariodesanpedro.com.ar\/sitio\/wp-json\/wp\/v2\/types\/post"}],"author":[{"embeddable":true,"href":"https:\/\/eldiariodesanpedro.com.ar\/sitio\/wp-json\/wp\/v2\/users\/4"}],"replies":[{"embeddable":true,"href":"https:\/\/eldiariodesanpedro.com.ar\/sitio\/wp-json\/wp\/v2\/comments?post=80459"}],"version-history":[{"count":1,"href":"https:\/\/eldiariodesanpedro.com.ar\/sitio\/wp-json\/wp\/v2\/posts\/80459\/revisions"}],"predecessor-version":[{"id":80462,"href":"https:\/\/eldiariodesanpedro.com.ar\/sitio\/wp-json\/wp\/v2\/posts\/80459\/revisions\/80462"}],"wp:featuredmedia":[{"embeddable":true,"href":"https:\/\/eldiariodesanpedro.com.ar\/sitio\/wp-json\/wp\/v2\/media\/80461"}],"wp:attachment":[{"href":"https:\/\/eldiariodesanpedro.com.ar\/sitio\/wp-json\/wp\/v2\/media?parent=80459"}],"wp:term":[{"taxonomy":"category","embeddable":true,"href":"https:\/\/eldiariodesanpedro.com.ar\/sitio\/wp-json\/wp\/v2\/categories?post=80459"},{"taxonomy":"post_tag","embeddable":true,"href":"https:\/\/eldiariodesanpedro.com.ar\/sitio\/wp-json\/wp\/v2\/tags?post=80459"}],"curies":[{"name":"wp","href":"https:\/\/api.w.org\/{rel}","templated":true}]}}