{"id":80399,"date":"2020-09-02T11:21:49","date_gmt":"2020-09-02T14:21:49","guid":{"rendered":"https:\/\/eldiariodesanpedro.com.ar\/sitio\/?p=80399"},"modified":"2020-09-02T11:30:13","modified_gmt":"2020-09-02T14:30:13","slug":"lafalce-sale-al-cruce-del-intendente-salazar-defendiendo-a-patricia-bulrich","status":"publish","type":"post","link":"https:\/\/eldiariodesanpedro.com.ar\/sitio\/lafalce-sale-al-cruce-del-intendente-salazar-defendiendo-a-patricia-bulrich\/","title":{"rendered":"Lafalce sale al cruce del Intendente Salazar defendiendo a Patricia Bulrich"},"content":{"rendered":"<!-- VideographyWP Plugin Message: Automatic video embedding prevented by plugin options. -->\n\n<p>En la jornada del d\u00eda de hoy Diego Lafalce referente en San Pedro del PRO que es dirigido por Patricia Bulrich emiti\u00f3 un comunicado donde sale al cruce con el Intendente Cecilio Salazar tras unos <a href=\"https:\/\/provincianoticias.com.ar\/nota\/3019\/cecilio-salazar-hoy-apoyamos-fuertemente-las-decisiones-que-adopta-el-gobernador\/?fbclid=IwAR3XgEreI2YcJeUBlTcfBcK0_YP44qP36pLiCAFj5VQ3wubhW8PkQsmrB3Q#.X07YD-yRwYQ.whatsapp\">dichos<\/a> dirigidos a la presidente del partido.\u00a0\u00a0<\/p>\n\n\n\n<p>Recordemos que el  Salazar junto a otros seis intendentes rompieron con Juntos por el Cambio y contin\u00faan en un grupo de \u00abdirigentes independientes\u00bb.<\/p>\n\n\n\n<p>D\u00edas atr\u00e1s el Partido Fe decidi\u00f3 alinearse al Gobernador Axel Kichilof pero por el momento el Intendente confirmo que no formara parte del Frente de Todos. <\/p>\n\n\n\n<p>Entre las palabras duras de Lafalce se puede encontrar \u00ab<em>Sus expresiones de car\u00e1cter personal est\u00e1n en disonancia con el esp\u00edritu del sector PRO al que hace referencia y que forma parte de Juntos por el cambio\u00bb. <\/em><\/p>\n\n\n\n<p>\u00ab<em>La cuarentena en s\u00ed misma ha perdido el sentido de cuidar al ciudadano, se ha transformado en una herramienta pol\u00edtica<\/em>\u00ab<\/p>\n\n\n\n<p>O tambi\u00e9n <em>\u00abLas obras que se pretenden en este momento cr\u00edtico, como por ejemplo: realizar una playa en Vuelta de Obligado o levantar una peatonal son temas importantes pero no prioritarios pero no urgentes, sin perjuicio, deber\u00e1n ser tratados en un futuro mediato\u00bb.<\/em><\/p>\n\n\n\n<p>Este es el texto completo del comunicado:\u00a0\u00a0<br><em>\u201cPor medio de la presente quiero expresar mi total desacuerdo con las palabras del intendente de San Pedro, el se\u00f1or Cecilio Salazar, vertidas el d\u00eda 1\/9\/2020 en el sitio<a href=\"https:\/\/provincianoticias.com.ar\/nota\/3019\/cecilio-salazar-hoy-apoyamos-fuertemente-las-decisiones-que-adopta-el-gobernador\/?fbclid=IwAR3XgEreI2YcJeUBlTcfBcK0_YP44qP36pLiCAFj5VQ3wubhW8PkQsmrB3Q#.X07YD-yRwYQ.whatsapp\"> www. provincianoticias.com.ar<\/a>, al acusar abiertamente a nuestra referente PATRICIA BULLRICH de \u201cagitar el fin de la Cuarentena\u201d (sic).<br>Sus expresiones de car\u00e1cter personal est\u00e1n en disonancia con el esp\u00edritu del sector PRO al que hace referencia y que forma parte de Juntos por el cambio.<br>Se equivoca deformando los conceptos y haciendo hincapi\u00e9 en que Patricia busca el fin de la cuarentena, las \u00faltimas estad\u00edsticas de muertes y contagio han demostrado la desinteligencia del camino elegido, esto es lo que hay que discutir, una nueva forma de cuidarnos.<br>La cuarentena en s\u00ed misma ha perdido el sentido de cuidar al ciudadano, se ha transformado en una herramienta pol\u00edtica, por lo cual no deber\u00edamos estar dispuestos a acompa\u00f1ar.<br>Ya hay suficientes experiencias en otros pa\u00edses sobre m\u00e9todos exitosos y los que no lo son, el nuestro claramente no lo fue.<br>A nivel local le digo que hay que saber diferenciar lo urgente de lo importante:<br>Hoy lo urgente es mejorar la contenci\u00f3n sanitaria, buscar formas de ayudar a los comerciantes o a los trabajadores independientes para afrontar sus obligaciones econ\u00f3micas presentes y futuras, abocarse al desarrollo de un plan econ\u00f3mico para enfrentar los temas que requieren pronta soluci\u00f3n.<br>Las obras que se pretenden en este momento cr\u00edtico, como por ejemplo: realizar una playa en Vuelta de Obligado o levantar una peatonal son temas importantes pero no prioritarios pero no urgentes, sin perjuicio, deber\u00e1n ser tratados en un futuro mediato.<br>En estos momentos deber\u00edamos empatizar con los ciudadanos volviendo a hacer valer uno de sus lemas de campa\u00f1a, la reducci\u00f3n del 50% de las dietas de los concejales y ejecutivo, hoy solo el edil Dami\u00e1n Lafalce ha cumplido con esto en esta amarga situaci\u00f3n donde todo el arco pol\u00edtico tendr\u00eda que hacer un sacrificio en pos del bien com\u00fan.<br>Le propongo comenzar a estar presente en los temas locales y no preocuparse tanto de los nacionales, o de sus contrincantes\u201d.<\/em><\/p>\n","protected":false},"excerpt":{"rendered":"<p>En la jornada del d\u00eda de hoy Diego Lafalce referente en San Pedro del PRO que es dirigido por Patricia Bulrich emiti\u00f3 un comunicado donde sale al cruce con el Intendente Cecilio Salazar tras unos dichos dirigidos a la presidente del partido.\u00a0\u00a0 Recordemos que el Salazar junto a otros seis intendentes rompieron con Juntos por [&hellip;]<\/p>\n","protected":false},"author":4,"featured_media":80400,"comment_status":"open","ping_status":"closed","sticky":false,"template":"","format":"standard","meta":{"om_disable_all_campaigns":false,"_jetpack_memberships_contains_paid_content":false,"footnotes":""},"categories":[2],"tags":[197,696,33,19],"class_list":["post-80399","post","type-post","status-publish","format-standard","has-post-thumbnail","hentry","category-locales","tag-buenos-aires","tag-interes-general","tag-locales","tag-san-pedro"],"aioseo_notices":[],"gutentor_comment":0,"jetpack_featured_media_url":"https:\/\/eldiariodesanpedro.com.ar\/sitio\/wp-content\/uploads\/2020\/09\/118148895_2626888337552493_889567226313655528_o.jpg","jetpack_shortlink":"https:\/\/wp.me\/p6RhLt-kUL","jetpack_sharing_enabled":true,"_links":{"self":[{"href":"https:\/\/eldiariodesanpedro.com.ar\/sitio\/wp-json\/wp\/v2\/posts\/80399","targetHints":{"allow":["GET"]}}],"collection":[{"href":"https:\/\/eldiariodesanpedro.com.ar\/sitio\/wp-json\/wp\/v2\/posts"}],"about":[{"href":"https:\/\/eldiariodesanpedro.com.ar\/sitio\/wp-json\/wp\/v2\/types\/post"}],"author":[{"embeddable":true,"href":"https:\/\/eldiariodesanpedro.com.ar\/sitio\/wp-json\/wp\/v2\/users\/4"}],"replies":[{"embeddable":true,"href":"https:\/\/eldiariodesanpedro.com.ar\/sitio\/wp-json\/wp\/v2\/comments?post=80399"}],"version-history":[{"count":2,"href":"https:\/\/eldiariodesanpedro.com.ar\/sitio\/wp-json\/wp\/v2\/posts\/80399\/revisions"}],"predecessor-version":[{"id":80402,"href":"https:\/\/eldiariodesanpedro.com.ar\/sitio\/wp-json\/wp\/v2\/posts\/80399\/revisions\/80402"}],"wp:featuredmedia":[{"embeddable":true,"href":"https:\/\/eldiariodesanpedro.com.ar\/sitio\/wp-json\/wp\/v2\/media\/80400"}],"wp:attachment":[{"href":"https:\/\/eldiariodesanpedro.com.ar\/sitio\/wp-json\/wp\/v2\/media?parent=80399"}],"wp:term":[{"taxonomy":"category","embeddable":true,"href":"https:\/\/eldiariodesanpedro.com.ar\/sitio\/wp-json\/wp\/v2\/categories?post=80399"},{"taxonomy":"post_tag","embeddable":true,"href":"https:\/\/eldiariodesanpedro.com.ar\/sitio\/wp-json\/wp\/v2\/tags?post=80399"}],"curies":[{"name":"wp","href":"https:\/\/api.w.org\/{rel}","templated":true}]}}