{"id":80396,"date":"2020-09-02T10:41:49","date_gmt":"2020-09-02T13:41:49","guid":{"rendered":"https:\/\/eldiariodesanpedro.com.ar\/sitio\/?p=80396"},"modified":"2020-09-02T10:41:51","modified_gmt":"2020-09-02T13:41:51","slug":"la-reconocida-actriz-lili-popovich-llevara-al-escenario-una-obra-de-marina-seery","status":"publish","type":"post","link":"https:\/\/eldiariodesanpedro.com.ar\/sitio\/la-reconocida-actriz-lili-popovich-llevara-al-escenario-una-obra-de-marina-seery\/","title":{"rendered":"La reconocida actriz Lili Popovich llevar\u00e1 al escenario una obra de Marina Seery"},"content":{"rendered":"<!-- VideographyWP Plugin Message: Automatic video embedding prevented by plugin options. -->\n\n<p>En el marco de la situaci\u00f3n de distanciamiento social dado por la pandemia, una de las actividades m\u00e1s afectadas es sin dudas el teatro; y sobre todo, el teatro de las peque\u00f1as ciudades como San Pedro, donde el desarrollo del arte se vuelve m\u00e1s complicado a\u00fan.<\/p>\n\n\n\n<p>Sin embargo, los artistas se reinventan, escriben, se al\u00edan a las tecnolog\u00edas y as\u00ed, van generando contenidos para dar continuidad al arte.La actriz y directora teatral Marina Seery atraves\u00f3 ese proceso y, ahora, la reconocida artista Lili Popovich llevar\u00e1 al escenario su obra, el unipersonal \u00abEl tiempo discreto\u00bb, que dirigir\u00e1 Grace Pereyra.<\/p>\n\n\n\n<p>Dada la incertidumbre acerca de la apertura de los teatros, a\u00fan no est\u00e1 definido el modo en que se concretar\u00e1 la obra. \u00abSi la pandemia nos permite abrir las salas, ser\u00eda la mejor opci\u00f3n\u00bb, reconoce Seery en di\u00e1logo con\u00a0<em>Noticias San Pedro<\/em>. Pero no se descarta una puesta por streaming. De hecho, Popovich est\u00e1 en este momento presentando la obra \u00abInvierno\u00bb por ese sistema.<\/p>\n\n\n\n<p>Coach de Julio Chaves y Leo Sbaraglia, Popovich trabaja muchos de sus proyectos con Ricky Pashkus; adem\u00e1s, trabaj\u00f3 en la pel\u00edcula \u00abEl Clan\u00bb, como esposa del personaje de Guillermo Franchella, entre otros reconocidos roles actorales.<\/p>\n\n\n\n<p>Desde el espacio Wojtyla, casi en comuni\u00f3n con la naturaleza, Marina Seery tambi\u00e9n apuesta a la formaci\u00f3n. Dirigir\u00e1 la obra de su autor\u00eda \u00abBailar sin ataduras\u00bb, que actuar\u00e1n el uruguayo Ignacio Bernardez junto con la sampedrina Milena Trezzini, con la colaboraci\u00f3n de Marcelo Biesa (actor y asistente de direcci\u00f3n de Capital Federal), la prof. Mariana Leiva, con sus aportes hist\u00f3ricos y el Lic. Leandro Minutti en la musicalizaci\u00f3n, ambos sampedrinos. <\/p>\n\n\n\n<p>\u00abEsta obra tendr\u00e1 su presentaci\u00f3n en distintas salas e incluso en Uruguay.\u00a0 La obra habla de dos hermanos y de c\u00f3mo cada uno de ellos vivi\u00f3 ese momento donde secuestran a la madre\u00bb, adelante Seery.<\/p>\n\n\n\n<p>Pero, \u00bfc\u00f3mo sobrevive el teatro en este contexto? \u00abDif\u00edcil en nuestra ciudad. No contamos con ayuda, sobrevivimos dando talleres virtuales, especialmente con los adolescentes. No es lo mismo, yo acced\u00ed a esta modalidad por pedido de los padres. Pero si bien podemos aprovechar y trabajar el decir, un texto, una escena tambi\u00e9n somos concientes que se pierde todo el trabajo de expresi\u00f3n\u00a0 corporal tan necesario para el actor\u00bb, explica la artista.<\/p>\n\n\n\n<p>\u00abEn cuanto a las obras que ten\u00edamos fecha de estreno para este a\u00f1o, todo est\u00e1 parado. Seguimos ensayando v\u00eda Zoom pero no es un trabajo profundo el que podamos hacer\u00bb, admite. De todos modos, la directora aprovecha las circunstancias para seguir form\u00e0ndose. \u00abHago un curso con Lili Popovich, otro con Ricky Pashkus, uno de dramaturgia con las docentes del teatro Arenal y uno sobre direcci\u00f3n con Cecilia Meijide\u00bb, enumera.<\/p>\n\n\n\n<p>Adem\u00e1s, lleva adelante un ciclo de entrevistas a referentes del teatro en la p\u00e1gina de Instagram \u00abbailarsinataduras\u00bb. Hoy, a las 20, se encontrar\u00e1n con Ariel Cister y el s\u00e1bado, en el mismo horario, con Emilia Mazer.<\/p>\n\n\n\n<p>Por otro lado, la pr\u00f3xima semana abrir\u00e1 un taller de teatro v\u00eda Zoom para adultos y adolescentes. Mientras que para el pr\u00f3ximo a\u00f1o, planea la apertura de la escuela de actuaci\u00f3n con docentes de San Pedro y de Capital.<\/p>\n\n\n\n<p>Fuente: <a href=\"http:\/\/www.notisanpedro.info\/2020\/09\/la-reconocida-actriz-lili-popovich.html?spref=fb&amp;fbclid=IwAR0gKxxgBaL3eQu2qtiwOYlKRFFUjoNtXfpvOPD_buHBYaiqAHCnhagb-gE\">Noticias San Pedro<\/a><\/p>\n","protected":false},"excerpt":{"rendered":"<p>En el marco de la situaci\u00f3n de distanciamiento social dado por la pandemia, una de las actividades m\u00e1s afectadas es sin dudas el teatro; y sobre todo, el teatro de las peque\u00f1as ciudades como San Pedro, donde el desarrollo del arte se vuelve m\u00e1s complicado a\u00fan. Sin embargo, los artistas se reinventan, escriben, se al\u00edan [&hellip;]<\/p>\n","protected":false},"author":4,"featured_media":80397,"comment_status":"open","ping_status":"closed","sticky":false,"template":"","format":"standard","meta":{"om_disable_all_campaigns":false,"_jetpack_memberships_contains_paid_content":false,"footnotes":""},"categories":[101,2],"tags":[],"class_list":["post-80396","post","type-post","status-publish","format-standard","has-post-thumbnail","hentry","category-interes-general-locales","category-locales"],"aioseo_notices":[],"gutentor_comment":0,"jetpack_featured_media_url":"https:\/\/eldiariodesanpedro.com.ar\/sitio\/wp-content\/uploads\/2020\/09\/marina-seery-espacio-wojtyla.jpg","jetpack_shortlink":"https:\/\/wp.me\/p6RhLt-kUI","jetpack_sharing_enabled":true,"_links":{"self":[{"href":"https:\/\/eldiariodesanpedro.com.ar\/sitio\/wp-json\/wp\/v2\/posts\/80396","targetHints":{"allow":["GET"]}}],"collection":[{"href":"https:\/\/eldiariodesanpedro.com.ar\/sitio\/wp-json\/wp\/v2\/posts"}],"about":[{"href":"https:\/\/eldiariodesanpedro.com.ar\/sitio\/wp-json\/wp\/v2\/types\/post"}],"author":[{"embeddable":true,"href":"https:\/\/eldiariodesanpedro.com.ar\/sitio\/wp-json\/wp\/v2\/users\/4"}],"replies":[{"embeddable":true,"href":"https:\/\/eldiariodesanpedro.com.ar\/sitio\/wp-json\/wp\/v2\/comments?post=80396"}],"version-history":[{"count":1,"href":"https:\/\/eldiariodesanpedro.com.ar\/sitio\/wp-json\/wp\/v2\/posts\/80396\/revisions"}],"predecessor-version":[{"id":80398,"href":"https:\/\/eldiariodesanpedro.com.ar\/sitio\/wp-json\/wp\/v2\/posts\/80396\/revisions\/80398"}],"wp:featuredmedia":[{"embeddable":true,"href":"https:\/\/eldiariodesanpedro.com.ar\/sitio\/wp-json\/wp\/v2\/media\/80397"}],"wp:attachment":[{"href":"https:\/\/eldiariodesanpedro.com.ar\/sitio\/wp-json\/wp\/v2\/media?parent=80396"}],"wp:term":[{"taxonomy":"category","embeddable":true,"href":"https:\/\/eldiariodesanpedro.com.ar\/sitio\/wp-json\/wp\/v2\/categories?post=80396"},{"taxonomy":"post_tag","embeddable":true,"href":"https:\/\/eldiariodesanpedro.com.ar\/sitio\/wp-json\/wp\/v2\/tags?post=80396"}],"curies":[{"name":"wp","href":"https:\/\/api.w.org\/{rel}","templated":true}]}}