{"id":80393,"date":"2020-09-02T10:35:35","date_gmt":"2020-09-02T13:35:35","guid":{"rendered":"https:\/\/eldiariodesanpedro.com.ar\/sitio\/?p=80393"},"modified":"2020-09-02T10:35:38","modified_gmt":"2020-09-02T13:35:38","slug":"poema-colectivo-organizado-por-la-direccion-de-cultura","status":"publish","type":"post","link":"https:\/\/eldiariodesanpedro.com.ar\/sitio\/poema-colectivo-organizado-por-la-direccion-de-cultura\/","title":{"rendered":"\u00abPoema Colectivo\u00bb organizado por la Direcci\u00f3n de Cultura"},"content":{"rendered":"<!-- VideographyWP Plugin Message: Automatic video embedding prevented by plugin options. -->\n\n<p>La Direcci\u00f3n de Cultura invita a los ciudadanos de participar en un \u00abPoema Colectivo\u00bb.<\/p>\n\n\n\n<p>Junto a Jorge Sagrera, Nilda Fiorito (autora de la fotograf\u00eda que ilustra esta publicaci\u00f3n y acompa\u00f1a esta iniciativa) y Mar\u00eda Laura Atenor te invitamos a escribir el primer #PoemaColectivo de la Ciudad. \u00bfTe animas?Es f\u00e1cil. A partir de la fotograf\u00eda de Nilda Fiorito los invitamos a la escritura.<\/p>\n\n\n\n<p>*Los interesados deben contactarse con la Direcci\u00f3n de Cultura a trav\u00e9s de nuestras redes sociales.<br>*Se formar\u00e1n grupo de cuatro personas para de esta manera construir juntos un poema de diez versos.<br>*Una vez finalizado, el #PoemaColectivo ser\u00e1 difundido junto a la fotograf\u00eda.<br>*Cuando el primer poema est\u00e9 listo se publicar\u00e1 una segunda imagen para iniciar un verso nuevo.<\/p>\n\n\n\n<p>Primeros versos:<br>-Segu\u00ed la luz de bronce del amanecer, la canoa verde y negra, esperaba<\/p>\n","protected":false},"excerpt":{"rendered":"<p>La Direcci\u00f3n de Cultura invita a los ciudadanos de participar en un \u00abPoema Colectivo\u00bb. Junto a Jorge Sagrera, Nilda Fiorito (autora de la fotograf\u00eda que ilustra esta publicaci\u00f3n y acompa\u00f1a esta iniciativa) y Mar\u00eda Laura Atenor te invitamos a escribir el primer #PoemaColectivo de la Ciudad. \u00bfTe animas?Es f\u00e1cil. A partir de la fotograf\u00eda de [&hellip;]<\/p>\n","protected":false},"author":4,"featured_media":80394,"comment_status":"open","ping_status":"closed","sticky":false,"template":"","format":"standard","meta":{"om_disable_all_campaigns":false,"_jetpack_memberships_contains_paid_content":false,"footnotes":""},"categories":[101,2],"tags":[197,696,33,1754,19],"class_list":["post-80393","post","type-post","status-publish","format-standard","has-post-thumbnail","hentry","category-interes-general-locales","category-locales","tag-buenos-aires","tag-interes-general","tag-locales","tag-poema-colectivo","tag-san-pedro"],"aioseo_notices":[],"gutentor_comment":0,"jetpack_featured_media_url":"https:\/\/eldiariodesanpedro.com.ar\/sitio\/wp-content\/uploads\/2020\/09\/118764063_1726009557551387_8827512205992287845_n.jpg","jetpack_shortlink":"https:\/\/wp.me\/p6RhLt-kUF","jetpack_sharing_enabled":true,"_links":{"self":[{"href":"https:\/\/eldiariodesanpedro.com.ar\/sitio\/wp-json\/wp\/v2\/posts\/80393","targetHints":{"allow":["GET"]}}],"collection":[{"href":"https:\/\/eldiariodesanpedro.com.ar\/sitio\/wp-json\/wp\/v2\/posts"}],"about":[{"href":"https:\/\/eldiariodesanpedro.com.ar\/sitio\/wp-json\/wp\/v2\/types\/post"}],"author":[{"embeddable":true,"href":"https:\/\/eldiariodesanpedro.com.ar\/sitio\/wp-json\/wp\/v2\/users\/4"}],"replies":[{"embeddable":true,"href":"https:\/\/eldiariodesanpedro.com.ar\/sitio\/wp-json\/wp\/v2\/comments?post=80393"}],"version-history":[{"count":1,"href":"https:\/\/eldiariodesanpedro.com.ar\/sitio\/wp-json\/wp\/v2\/posts\/80393\/revisions"}],"predecessor-version":[{"id":80395,"href":"https:\/\/eldiariodesanpedro.com.ar\/sitio\/wp-json\/wp\/v2\/posts\/80393\/revisions\/80395"}],"wp:featuredmedia":[{"embeddable":true,"href":"https:\/\/eldiariodesanpedro.com.ar\/sitio\/wp-json\/wp\/v2\/media\/80394"}],"wp:attachment":[{"href":"https:\/\/eldiariodesanpedro.com.ar\/sitio\/wp-json\/wp\/v2\/media?parent=80393"}],"wp:term":[{"taxonomy":"category","embeddable":true,"href":"https:\/\/eldiariodesanpedro.com.ar\/sitio\/wp-json\/wp\/v2\/categories?post=80393"},{"taxonomy":"post_tag","embeddable":true,"href":"https:\/\/eldiariodesanpedro.com.ar\/sitio\/wp-json\/wp\/v2\/tags?post=80393"}],"curies":[{"name":"wp","href":"https:\/\/api.w.org\/{rel}","templated":true}]}}