{"id":80387,"date":"2020-09-02T09:27:41","date_gmt":"2020-09-02T12:27:41","guid":{"rendered":"https:\/\/eldiariodesanpedro.com.ar\/sitio\/?p=80387"},"modified":"2020-09-02T09:27:43","modified_gmt":"2020-09-02T12:27:43","slug":"la-anses-extiende-la-suspension-del-tramite-de-fe-de-vida-para-el-cobro-de-septiembre-y-octubre","status":"publish","type":"post","link":"https:\/\/eldiariodesanpedro.com.ar\/sitio\/la-anses-extiende-la-suspension-del-tramite-de-fe-de-vida-para-el-cobro-de-septiembre-y-octubre\/","title":{"rendered":"La ANSES extiende la suspensi\u00f3n del tramite de fe de vida para el cobro de septiembre y octubre"},"content":{"rendered":"<!-- VideographyWP Plugin Message: Automatic video embedding prevented by plugin options. -->\n\n<p>En el marco de la Resoluci\u00f3n 309\/2020 publicada hoy en el Bolet\u00edn Oficial, la ANSES prorroga hasta el 31 de octubre la suspensi\u00f3n del tr\u00e1mite de supervivencia \/ fe de vida para el cobro de las jubilaciones y pensiones de septiembre y octubre. Esto significa que los beneficiarios no deben concurrir a los bancos para hacer el tr\u00e1mite.<\/p>\n\n\n\n<p>Adem\u00e1s, dicha resoluci\u00f3n establece que los titulares residentes en el exterior pueden presentar, de forma excepcional, el certificado de supervivencia semestral ante el banco apoderado tambi\u00e9n hasta el 31 de octubre.<\/p>\n\n\n\n<p>En este sentido, la ANSES est\u00e1 trabajando con el Ministerio del Interior y el Registro Nacional de las Personas (RENAPER) para intercambiar informaci\u00f3n, con el objetivo, de manera progresiva, de resolver el tr\u00e1mite sin que el jubilado y la jubilada deban salir de su domicilio.<\/p>\n","protected":false},"excerpt":{"rendered":"<p>En el marco de la Resoluci\u00f3n 309\/2020 publicada hoy en el Bolet\u00edn Oficial, la ANSES prorroga hasta el 31 de octubre la suspensi\u00f3n del tr\u00e1mite de supervivencia \/ fe de vida para el cobro de las jubilaciones y pensiones de septiembre y octubre. Esto significa que los beneficiarios no deben concurrir a los bancos para [&hellip;]<\/p>\n","protected":false},"author":4,"featured_media":79417,"comment_status":"open","ping_status":"closed","sticky":false,"template":"","format":"standard","meta":{"om_disable_all_campaigns":false,"_jetpack_memberships_contains_paid_content":false,"footnotes":""},"categories":[101,2],"tags":[197,696,33],"class_list":["post-80387","post","type-post","status-publish","format-standard","has-post-thumbnail","hentry","category-interes-general-locales","category-locales","tag-buenos-aires","tag-interes-general","tag-locales"],"aioseo_notices":[],"gutentor_comment":0,"jetpack_featured_media_url":"https:\/\/eldiariodesanpedro.com.ar\/sitio\/wp-content\/uploads\/2020\/08\/1588601711_001936_1588601952_noticia_normal.jpg","jetpack_shortlink":"https:\/\/wp.me\/p6RhLt-kUz","jetpack_sharing_enabled":true,"_links":{"self":[{"href":"https:\/\/eldiariodesanpedro.com.ar\/sitio\/wp-json\/wp\/v2\/posts\/80387","targetHints":{"allow":["GET"]}}],"collection":[{"href":"https:\/\/eldiariodesanpedro.com.ar\/sitio\/wp-json\/wp\/v2\/posts"}],"about":[{"href":"https:\/\/eldiariodesanpedro.com.ar\/sitio\/wp-json\/wp\/v2\/types\/post"}],"author":[{"embeddable":true,"href":"https:\/\/eldiariodesanpedro.com.ar\/sitio\/wp-json\/wp\/v2\/users\/4"}],"replies":[{"embeddable":true,"href":"https:\/\/eldiariodesanpedro.com.ar\/sitio\/wp-json\/wp\/v2\/comments?post=80387"}],"version-history":[{"count":1,"href":"https:\/\/eldiariodesanpedro.com.ar\/sitio\/wp-json\/wp\/v2\/posts\/80387\/revisions"}],"predecessor-version":[{"id":80388,"href":"https:\/\/eldiariodesanpedro.com.ar\/sitio\/wp-json\/wp\/v2\/posts\/80387\/revisions\/80388"}],"wp:featuredmedia":[{"embeddable":true,"href":"https:\/\/eldiariodesanpedro.com.ar\/sitio\/wp-json\/wp\/v2\/media\/79417"}],"wp:attachment":[{"href":"https:\/\/eldiariodesanpedro.com.ar\/sitio\/wp-json\/wp\/v2\/media?parent=80387"}],"wp:term":[{"taxonomy":"category","embeddable":true,"href":"https:\/\/eldiariodesanpedro.com.ar\/sitio\/wp-json\/wp\/v2\/categories?post=80387"},{"taxonomy":"post_tag","embeddable":true,"href":"https:\/\/eldiariodesanpedro.com.ar\/sitio\/wp-json\/wp\/v2\/tags?post=80387"}],"curies":[{"name":"wp","href":"https:\/\/api.w.org\/{rel}","templated":true}]}}