{"id":80385,"date":"2020-09-02T09:20:01","date_gmt":"2020-09-02T12:20:01","guid":{"rendered":"https:\/\/eldiariodesanpedro.com.ar\/sitio\/?p=80385"},"modified":"2020-09-02T09:20:04","modified_gmt":"2020-09-02T12:20:04","slug":"el-miercoles-2-y-jueves-3-cobran-el-ife-3-los-titulares-con-dni-terminados-en-3","status":"publish","type":"post","link":"https:\/\/eldiariodesanpedro.com.ar\/sitio\/el-miercoles-2-y-jueves-3-cobran-el-ife-3-los-titulares-con-dni-terminados-en-3\/","title":{"rendered":"El mi\u00e9rcoles 2 y jueves 3 cobran el IFE 3 los titulares con DNI terminados en 3"},"content":{"rendered":"<!-- VideographyWP Plugin Message: Automatic video embedding prevented by plugin options. -->\n\n<p><strong>Ingreso Familiar de Emergencia<\/strong><br>En el marco de la pol\u00edtica de inclusi\u00f3n financiera que lleva adelante la ANSES, ma\u00f1ana cobran el IFE 3 mediante Clave Bancaria Uniforme (CBU)\u00a0los titulares\u00a0cuyos documentos terminen en\u00a0<strong>3<\/strong>. De esta manera, cerca de 300.000 personas por d\u00eda percibir\u00e1n el ingreso.<br>Se recuerda a los beneficiarios que\u00a0<strong>no<\/strong>\u00a0poseen tarjeta de d\u00e9bito que, de corresponder, deber\u00e1n sacar previamente un turno en la entidad bancaria, a fin de evitar demoras en el cobro.<br>Asimismo, la fecha de cobro debe consultarse, con la Clave de la Seguridad Social, en el aplicativo que figura en la web del organismo. El ingreso se pagar\u00e1 al mismo d\u00edgito final de DNI durante dos d\u00edas h\u00e1biles.<\/p>\n\n\n\n<p><strong>Titulares de Pensiones No Contributivas<\/strong><br>Las sucursales bancarias habilitadas atender\u00e1n por ventanilla solo a los\u00a0<strong>titulares de Pensiones No Contributivas (PNC) que deban cobrar su haber de septiembre con documentos terminados en 2 y 3<\/strong>.<br>En este sentido, si bien estas personas no tienen que solicitar turno previo para cobrar este beneficio,\u00a0<strong>deben acercarse a la sucursal bancaria \u00fanicamente en la fecha asignada<\/strong>. Cabe recordar que los haberes permanecer\u00e1n depositados en sus cuentas.<\/p>\n\n\n\n<p><strong>Beneficiarios del ATP<\/strong><br>Ma\u00f1ana se realiza el pago de sueldos complementarios del programa de Asistencia de Emergencia al Trabajo y la Producci\u00f3n (ATP) de la AFIP.<\/p>\n","protected":false},"excerpt":{"rendered":"<p>Ingreso Familiar de EmergenciaEn el marco de la pol\u00edtica de inclusi\u00f3n financiera que lleva adelante la ANSES, ma\u00f1ana cobran el IFE 3 mediante Clave Bancaria Uniforme (CBU)\u00a0los titulares\u00a0cuyos documentos terminen en\u00a03. De esta manera, cerca de 300.000 personas por d\u00eda percibir\u00e1n el ingreso.Se recuerda a los beneficiarios que\u00a0no\u00a0poseen tarjeta de d\u00e9bito que, de corresponder, deber\u00e1n [&hellip;]<\/p>\n","protected":false},"author":4,"featured_media":77593,"comment_status":"open","ping_status":"closed","sticky":false,"template":"","format":"standard","meta":{"om_disable_all_campaigns":false,"_jetpack_memberships_contains_paid_content":false,"footnotes":""},"categories":[101,2],"tags":[197,696,33],"class_list":["post-80385","post","type-post","status-publish","format-standard","has-post-thumbnail","hentry","category-interes-general-locales","category-locales","tag-buenos-aires","tag-interes-general","tag-locales"],"aioseo_notices":[],"gutentor_comment":0,"jetpack_featured_media_url":"https:\/\/eldiariodesanpedro.com.ar\/sitio\/wp-content\/uploads\/2020\/07\/ife.jpg","jetpack_shortlink":"https:\/\/wp.me\/p6RhLt-kUx","jetpack_sharing_enabled":true,"_links":{"self":[{"href":"https:\/\/eldiariodesanpedro.com.ar\/sitio\/wp-json\/wp\/v2\/posts\/80385","targetHints":{"allow":["GET"]}}],"collection":[{"href":"https:\/\/eldiariodesanpedro.com.ar\/sitio\/wp-json\/wp\/v2\/posts"}],"about":[{"href":"https:\/\/eldiariodesanpedro.com.ar\/sitio\/wp-json\/wp\/v2\/types\/post"}],"author":[{"embeddable":true,"href":"https:\/\/eldiariodesanpedro.com.ar\/sitio\/wp-json\/wp\/v2\/users\/4"}],"replies":[{"embeddable":true,"href":"https:\/\/eldiariodesanpedro.com.ar\/sitio\/wp-json\/wp\/v2\/comments?post=80385"}],"version-history":[{"count":1,"href":"https:\/\/eldiariodesanpedro.com.ar\/sitio\/wp-json\/wp\/v2\/posts\/80385\/revisions"}],"predecessor-version":[{"id":80386,"href":"https:\/\/eldiariodesanpedro.com.ar\/sitio\/wp-json\/wp\/v2\/posts\/80385\/revisions\/80386"}],"wp:featuredmedia":[{"embeddable":true,"href":"https:\/\/eldiariodesanpedro.com.ar\/sitio\/wp-json\/wp\/v2\/media\/77593"}],"wp:attachment":[{"href":"https:\/\/eldiariodesanpedro.com.ar\/sitio\/wp-json\/wp\/v2\/media?parent=80385"}],"wp:term":[{"taxonomy":"category","embeddable":true,"href":"https:\/\/eldiariodesanpedro.com.ar\/sitio\/wp-json\/wp\/v2\/categories?post=80385"},{"taxonomy":"post_tag","embeddable":true,"href":"https:\/\/eldiariodesanpedro.com.ar\/sitio\/wp-json\/wp\/v2\/tags?post=80385"}],"curies":[{"name":"wp","href":"https:\/\/api.w.org\/{rel}","templated":true}]}}