{"id":80382,"date":"2020-09-01T20:23:53","date_gmt":"2020-09-01T23:23:53","guid":{"rendered":"https:\/\/eldiariodesanpedro.com.ar\/sitio\/?p=80382"},"modified":"2020-09-01T20:23:54","modified_gmt":"2020-09-01T23:23:54","slug":"hoy-se-suman-17-positivos-nuevos-con-un-total-de-459-casos-y-86-activos","status":"publish","type":"post","link":"https:\/\/eldiariodesanpedro.com.ar\/sitio\/hoy-se-suman-17-positivos-nuevos-con-un-total-de-459-casos-y-86-activos\/","title":{"rendered":"Hoy se suman 17 positivos nuevos, con un total de 459 casos y 86 activos"},"content":{"rendered":"<!-- VideographyWP Plugin Message: Automatic video embedding prevented by plugin options. -->\n\n<p>La Secretar\u00eda de Salud de la Municipalidad de San Pedro informa que durante la fecha, y hasta el momento se recibieron resultados correspondientes a muestras enviadas a trav\u00e9s del sistema p\u00fablico, privado y sistema mixto, con 17 nuevos casos positivos.<br>A continuaci\u00f3n, se detallan los resultados agrupados por los laboratorios que procesaron las muestras referidas.<\/p>\n\n\n\n<p><strong>Sistema P\u00fablico: 14 casos positivos<\/strong><\/p>\n\n\n\n<ul class=\"wp-block-list\"><li>Se recibieron los resultados de 28 muestras enviadas el 31 de agosto, con 14 positivos, 13 negativos y un resultado indeterminado.<br>Los nuevos casos positivos corresponden a mujeres de 25, 27, 29(2), 35, 41 y 54 a\u00f1os; y hombres de 20, 28, 29, 44, 49(2) y 77 a\u00f1os.<\/li><\/ul>\n\n\n\n<p><strong>Sistema Mixto: 2 casos positivos<\/strong><\/p>\n\n\n\n<ul class=\"wp-block-list\"><li>Desde el sistema mixto, con hisopado p\u00fablico y an\u00e1lisis privados, se informaron 2 casos positivos en hombres de 49 y 69 a\u00f1os, y cuatro casos negativos.<\/li><\/ul>\n\n\n\n<p><strong>Sistema Privado: 1 positivo<\/strong><\/p>\n\n\n\n<ul class=\"wp-block-list\"><li>Desde laboratorios privados se informaron 1 caso positivo correspondiente a una mujer de 20 a\u00f1os, y 4 casos negativos.<\/li><\/ul>\n\n\n\n<p><strong>Recuperados: 22<\/strong><br>Los nuevos pacientes que se suman al grupo de recuperados son mujeres de 24, 25, 27, 35, 37, 41, 45, 58, 74 a\u00f1os; y hombres de 21, 24, 34, 37, 38, 41, 42, 43, 45, 54, 55, 57 y 70 a\u00f1os.<\/p>\n\n\n\n<p><strong>En la jornada de hoy, no se enviaron muestras.<\/strong><\/p>\n\n\n\n<p>Con esta actualizaci\u00f3n el resumen es el siguiente:<br><strong>RESUMEN<\/strong><br>Nuevas muestras enviadas p\u00fablico-mixto: 00<br>Muestras Pendientes p\u00fablico-mixto: 23<br>Nuevas muestras negativas p\u00fablico-mixto-privado: 21<br>Nuevos Casos Positivos p\u00fablico-mixto-privado: 17<br>Total de confirmados: 459(*)<br>Total de casos activos: 86<br>Total de casos recuperados: 352<br>Total de casos fallecidos: 21<br>Total de muestras negativas sistema p\u00fablico-mixto-privado: 784<br>(*) En este informe s\u00f3lo se incluyen los positivos confirmados con hisopado.<\/p>\n\n\n\n<p>&#x1f449; Usar tapabocas.<br>&#x1f449; Mantener la distancia m\u00ednima de 2 metros.<br>&#x1f449; Extremar la higiene de los espacios.<br>&#x1f449; Mantener las manos limpias.<\/p>\n\n\n\n<p>Se recuerda que, ante s\u00edntomas de tos seca, fiebre y dolor de garganta y la probabilidad de haber estado en contacto con enfermos o viajeros llegados desde las zonas transmisi\u00f3n local o comunitaria se puede llamar al 148 o 107.<\/p>\n\n\n\n<figure class=\"wp-block-image size-large\"><img decoding=\"async\" width=\"1024\" height=\"992\" data-attachment-id=\"80383\" data-permalink=\"https:\/\/eldiariodesanpedro.com.ar\/sitio\/hoy-se-suman-17-positivos-nuevos-con-un-total-de-459-casos-y-86-activos\/whatsapp-image-2020-09-01-at-20-09-43\/\" data-orig-file=\"https:\/\/eldiariodesanpedro.com.ar\/sitio\/wp-content\/uploads\/2020\/09\/WhatsApp-Image-2020-09-01-at-20.09.43.jpeg\" data-orig-size=\"1280,1240\" data-comments-opened=\"1\" data-image-meta=\"{&quot;aperture&quot;:&quot;0&quot;,&quot;credit&quot;:&quot;&quot;,&quot;camera&quot;:&quot;&quot;,&quot;caption&quot;:&quot;&quot;,&quot;created_timestamp&quot;:&quot;0&quot;,&quot;copyright&quot;:&quot;&quot;,&quot;focal_length&quot;:&quot;0&quot;,&quot;iso&quot;:&quot;0&quot;,&quot;shutter_speed&quot;:&quot;0&quot;,&quot;title&quot;:&quot;&quot;,&quot;orientation&quot;:&quot;0&quot;}\" data-image-title=\"WhatsApp Image 2020-09-01 at 20.09.43\" data-image-description=\"\" data-image-caption=\"\" data-large-file=\"https:\/\/eldiariodesanpedro.com.ar\/sitio\/wp-content\/uploads\/2020\/09\/WhatsApp-Image-2020-09-01-at-20.09.43-1024x992.jpeg\" data-src=\"https:\/\/eldiariodesanpedro.com.ar\/sitio\/wp-content\/uploads\/2020\/09\/WhatsApp-Image-2020-09-01-at-20.09.43-1024x992.jpeg\" alt=\"\" class=\"wp-image-80383 lazyload\" data-srcset=\"https:\/\/eldiariodesanpedro.com.ar\/sitio\/wp-content\/uploads\/2020\/09\/WhatsApp-Image-2020-09-01-at-20.09.43-1024x992.jpeg 1024w, https:\/\/eldiariodesanpedro.com.ar\/sitio\/wp-content\/uploads\/2020\/09\/WhatsApp-Image-2020-09-01-at-20.09.43-300x291.jpeg 300w, https:\/\/eldiariodesanpedro.com.ar\/sitio\/wp-content\/uploads\/2020\/09\/WhatsApp-Image-2020-09-01-at-20.09.43-768x744.jpeg 768w, https:\/\/eldiariodesanpedro.com.ar\/sitio\/wp-content\/uploads\/2020\/09\/WhatsApp-Image-2020-09-01-at-20.09.43.jpeg 1280w\" data-sizes=\"(max-width: 1024px) 100vw, 1024px\" src=\"data:image\/svg+xml;base64,PHN2ZyB3aWR0aD0iMSIgaGVpZ2h0PSIxIiB4bWxucz0iaHR0cDovL3d3dy53My5vcmcvMjAwMC9zdmciPjwvc3ZnPg==\" style=\"--smush-placeholder-width: 1024px; --smush-placeholder-aspect-ratio: 1024\/992;\" \/><\/figure>\n","protected":false},"excerpt":{"rendered":"<p>La Secretar\u00eda de Salud de la Municipalidad de San Pedro informa que durante la fecha, y hasta el momento se recibieron resultados correspondientes a muestras enviadas a trav\u00e9s del sistema p\u00fablico, privado y sistema mixto, con 17 nuevos casos positivos.A continuaci\u00f3n, se detallan los resultados agrupados por los laboratorios que procesaron las muestras referidas. Sistema [&hellip;]<\/p>\n","protected":false},"author":4,"featured_media":79200,"comment_status":"open","ping_status":"closed","sticky":false,"template":"","format":"standard","meta":{"om_disable_all_campaigns":false,"_jetpack_memberships_contains_paid_content":false,"footnotes":""},"categories":[50,101,2],"tags":[197,696,33],"class_list":["post-80382","post","type-post","status-publish","format-standard","has-post-thumbnail","hentry","category-destacadas","category-interes-general-locales","category-locales","tag-buenos-aires","tag-interes-general","tag-locales"],"aioseo_notices":[],"gutentor_comment":0,"jetpack_featured_media_url":"https:\/\/eldiariodesanpedro.com.ar\/sitio\/wp-content\/uploads\/2020\/08\/FTRRV773PNB3RI4W5LP3O7ZVUI.jpg","jetpack_shortlink":"https:\/\/wp.me\/p6RhLt-kUu","jetpack_sharing_enabled":true,"_links":{"self":[{"href":"https:\/\/eldiariodesanpedro.com.ar\/sitio\/wp-json\/wp\/v2\/posts\/80382","targetHints":{"allow":["GET"]}}],"collection":[{"href":"https:\/\/eldiariodesanpedro.com.ar\/sitio\/wp-json\/wp\/v2\/posts"}],"about":[{"href":"https:\/\/eldiariodesanpedro.com.ar\/sitio\/wp-json\/wp\/v2\/types\/post"}],"author":[{"embeddable":true,"href":"https:\/\/eldiariodesanpedro.com.ar\/sitio\/wp-json\/wp\/v2\/users\/4"}],"replies":[{"embeddable":true,"href":"https:\/\/eldiariodesanpedro.com.ar\/sitio\/wp-json\/wp\/v2\/comments?post=80382"}],"version-history":[{"count":1,"href":"https:\/\/eldiariodesanpedro.com.ar\/sitio\/wp-json\/wp\/v2\/posts\/80382\/revisions"}],"predecessor-version":[{"id":80384,"href":"https:\/\/eldiariodesanpedro.com.ar\/sitio\/wp-json\/wp\/v2\/posts\/80382\/revisions\/80384"}],"wp:featuredmedia":[{"embeddable":true,"href":"https:\/\/eldiariodesanpedro.com.ar\/sitio\/wp-json\/wp\/v2\/media\/79200"}],"wp:attachment":[{"href":"https:\/\/eldiariodesanpedro.com.ar\/sitio\/wp-json\/wp\/v2\/media?parent=80382"}],"wp:term":[{"taxonomy":"category","embeddable":true,"href":"https:\/\/eldiariodesanpedro.com.ar\/sitio\/wp-json\/wp\/v2\/categories?post=80382"},{"taxonomy":"post_tag","embeddable":true,"href":"https:\/\/eldiariodesanpedro.com.ar\/sitio\/wp-json\/wp\/v2\/tags?post=80382"}],"curies":[{"name":"wp","href":"https:\/\/api.w.org\/{rel}","templated":true}]}}