{"id":80376,"date":"2020-09-01T16:13:08","date_gmt":"2020-09-01T19:13:08","guid":{"rendered":"https:\/\/eldiariodesanpedro.com.ar\/sitio\/?p=80376"},"modified":"2020-09-01T16:13:12","modified_gmt":"2020-09-01T19:13:12","slug":"encuesta-para-mejorar-servicios-digitales-de-la-direccion-de-rentas","status":"publish","type":"post","link":"https:\/\/eldiariodesanpedro.com.ar\/sitio\/encuesta-para-mejorar-servicios-digitales-de-la-direccion-de-rentas\/","title":{"rendered":"Encuesta para mejorar servicios digitales de la Direcci\u00f3n de Rentas"},"content":{"rendered":"<!-- VideographyWP Plugin Message: Automatic video embedding prevented by plugin options. -->\n\n<p>La Direcci\u00f3n de Rentas de la Municipalidad de San Pedro ha publicado en el sitio web www.sanpedro.gob.ar el acceso a una encuesta en la que se le solicita a los contribuyentes su participaci\u00f3n para poder continuar generando mejoras en la calidad de atenci\u00f3n que se brinda.<\/p>\n\n\n\n<p>La encuesta es an\u00f3nima y refiere a la gesti\u00f3n de tr\u00e1mites y reclamos ante el \u00e1rea. La Pandemia de Covid-19 ha generado una mayor cantidad de servicios no presenciales a trav\u00e9s de otros canales y el objetivo es profundizar estos cambios, atendiendo las sugerencias de los contribuyentes.<\/p>\n\n\n\n<p>Los resultados ser\u00e1n muy \u00fatiles para seguir trabajando en la misma l\u00ednea, ampliando a\u00fan m\u00e1s las oportunidades de resolver todo tipo de tr\u00e1mite ante la Municipalidad, utilizando los recursos tecnol\u00f3gicos disponibles.<\/p>\n\n\n\n<p>Si pueden compartir el acceso directo a la cuenta se los agradecemos. &#8211; VER AQUI: <a href=\"https:\/\/tinly.co\/BykO8\">https:\/\/tinly.co\/BykO8<\/a><\/p>\n\n\n\n<figure class=\"wp-block-image size-large\"><img decoding=\"async\" width=\"1280\" height=\"1240\" data-attachment-id=\"80377\" data-permalink=\"https:\/\/eldiariodesanpedro.com.ar\/sitio\/encuesta-para-mejorar-servicios-digitales-de-la-direccion-de-rentas\/whatsapp-image-2020-09-01-at-16-00-09\/\" data-orig-file=\"https:\/\/eldiariodesanpedro.com.ar\/sitio\/wp-content\/uploads\/2020\/09\/WhatsApp-Image-2020-09-01-at-16.00.09.jpeg\" data-orig-size=\"1280,1240\" data-comments-opened=\"1\" data-image-meta=\"{&quot;aperture&quot;:&quot;0&quot;,&quot;credit&quot;:&quot;&quot;,&quot;camera&quot;:&quot;&quot;,&quot;caption&quot;:&quot;&quot;,&quot;created_timestamp&quot;:&quot;0&quot;,&quot;copyright&quot;:&quot;&quot;,&quot;focal_length&quot;:&quot;0&quot;,&quot;iso&quot;:&quot;0&quot;,&quot;shutter_speed&quot;:&quot;0&quot;,&quot;title&quot;:&quot;&quot;,&quot;orientation&quot;:&quot;0&quot;}\" data-image-title=\"WhatsApp-Image-2020-09-01-at-16.00.09\" data-image-description=\"\" data-image-caption=\"\" data-large-file=\"https:\/\/eldiariodesanpedro.com.ar\/sitio\/wp-content\/uploads\/2020\/09\/WhatsApp-Image-2020-09-01-at-16.00.09-1024x992.jpeg\" data-src=\"https:\/\/i2.wp.com\/eldiariodesanpedro.com.ar\/sitio\/wp-content\/uploads\/2020\/09\/WhatsApp-Image-2020-09-01-at-16.00.09.jpeg?fit=640%2C620&amp;ssl=1\" alt=\"\" class=\"wp-image-80377 lazyload\" data-srcset=\"https:\/\/eldiariodesanpedro.com.ar\/sitio\/wp-content\/uploads\/2020\/09\/WhatsApp-Image-2020-09-01-at-16.00.09.jpeg 1280w, https:\/\/eldiariodesanpedro.com.ar\/sitio\/wp-content\/uploads\/2020\/09\/WhatsApp-Image-2020-09-01-at-16.00.09-300x291.jpeg 300w, https:\/\/eldiariodesanpedro.com.ar\/sitio\/wp-content\/uploads\/2020\/09\/WhatsApp-Image-2020-09-01-at-16.00.09-1024x992.jpeg 1024w, https:\/\/eldiariodesanpedro.com.ar\/sitio\/wp-content\/uploads\/2020\/09\/WhatsApp-Image-2020-09-01-at-16.00.09-768x744.jpeg 768w\" data-sizes=\"(max-width: 1280px) 100vw, 1280px\" src=\"data:image\/svg+xml;base64,PHN2ZyB3aWR0aD0iMSIgaGVpZ2h0PSIxIiB4bWxucz0iaHR0cDovL3d3dy53My5vcmcvMjAwMC9zdmciPjwvc3ZnPg==\" style=\"--smush-placeholder-width: 1280px; --smush-placeholder-aspect-ratio: 1280\/1240;\" \/><\/figure>\n","protected":false},"excerpt":{"rendered":"<p>La Direcci\u00f3n de Rentas de la Municipalidad de San Pedro ha publicado en el sitio web www.sanpedro.gob.ar el acceso a una encuesta en la que se le solicita a los contribuyentes su participaci\u00f3n para poder continuar generando mejoras en la calidad de atenci\u00f3n que se brinda. La encuesta es an\u00f3nima y refiere a la gesti\u00f3n [&hellip;]<\/p>\n","protected":false},"author":4,"featured_media":77828,"comment_status":"open","ping_status":"closed","sticky":false,"template":"","format":"standard","meta":{"om_disable_all_campaigns":false,"_jetpack_memberships_contains_paid_content":false,"footnotes":""},"categories":[101,2],"tags":[197,696,33],"class_list":["post-80376","post","type-post","status-publish","format-standard","has-post-thumbnail","hentry","category-interes-general-locales","category-locales","tag-buenos-aires","tag-interes-general","tag-locales"],"aioseo_notices":[],"gutentor_comment":0,"jetpack_featured_media_url":"https:\/\/eldiariodesanpedro.com.ar\/sitio\/wp-content\/uploads\/2020\/07\/unnamed.jpg","jetpack_shortlink":"https:\/\/wp.me\/p6RhLt-kUo","jetpack_sharing_enabled":true,"_links":{"self":[{"href":"https:\/\/eldiariodesanpedro.com.ar\/sitio\/wp-json\/wp\/v2\/posts\/80376","targetHints":{"allow":["GET"]}}],"collection":[{"href":"https:\/\/eldiariodesanpedro.com.ar\/sitio\/wp-json\/wp\/v2\/posts"}],"about":[{"href":"https:\/\/eldiariodesanpedro.com.ar\/sitio\/wp-json\/wp\/v2\/types\/post"}],"author":[{"embeddable":true,"href":"https:\/\/eldiariodesanpedro.com.ar\/sitio\/wp-json\/wp\/v2\/users\/4"}],"replies":[{"embeddable":true,"href":"https:\/\/eldiariodesanpedro.com.ar\/sitio\/wp-json\/wp\/v2\/comments?post=80376"}],"version-history":[{"count":1,"href":"https:\/\/eldiariodesanpedro.com.ar\/sitio\/wp-json\/wp\/v2\/posts\/80376\/revisions"}],"predecessor-version":[{"id":80378,"href":"https:\/\/eldiariodesanpedro.com.ar\/sitio\/wp-json\/wp\/v2\/posts\/80376\/revisions\/80378"}],"wp:featuredmedia":[{"embeddable":true,"href":"https:\/\/eldiariodesanpedro.com.ar\/sitio\/wp-json\/wp\/v2\/media\/77828"}],"wp:attachment":[{"href":"https:\/\/eldiariodesanpedro.com.ar\/sitio\/wp-json\/wp\/v2\/media?parent=80376"}],"wp:term":[{"taxonomy":"category","embeddable":true,"href":"https:\/\/eldiariodesanpedro.com.ar\/sitio\/wp-json\/wp\/v2\/categories?post=80376"},{"taxonomy":"post_tag","embeddable":true,"href":"https:\/\/eldiariodesanpedro.com.ar\/sitio\/wp-json\/wp\/v2\/tags?post=80376"}],"curies":[{"name":"wp","href":"https:\/\/api.w.org\/{rel}","templated":true}]}}