{"id":80300,"date":"2020-08-31T18:10:46","date_gmt":"2020-08-31T21:10:46","guid":{"rendered":"https:\/\/eldiariodesanpedro.com.ar\/sitio\/?p=80300"},"modified":"2020-08-31T18:10:50","modified_gmt":"2020-08-31T21:10:50","slug":"la-justicia-volvio-a-poner-tope-a-las-cuotas-de-los-planes-de-ahorro-tal-como-lo-pidio-la-defensoria","status":"publish","type":"post","link":"https:\/\/eldiariodesanpedro.com.ar\/sitio\/la-justicia-volvio-a-poner-tope-a-las-cuotas-de-los-planes-de-ahorro-tal-como-lo-pidio-la-defensoria\/","title":{"rendered":"La Justicia volvi\u00f3 a poner tope a las cuotas de los planes de ahorro tal como lo pidi\u00f3 la Defensor\u00eda"},"content":{"rendered":"<!-- VideographyWP Plugin Message: Automatic video embedding prevented by plugin options. -->\n\n<p>Luego de que la Defensor\u00eda del Pueblo bonaerense reclamara que se fije un l\u00edmite a lo que deben pagar los usuarios de planes de ahorro, la Justicia volvi\u00f3 a poner un tope de 20% del salario a las cuotas para un par de usuarios que eligieron esta modalidad para la compra de un auto 0 KM, tras registrar subas excesivas en los pagos que deb\u00edan hacer los suscriptores cada mes.<\/p>\n\n\n\n<p>Se trata de dos casos contra la empresa administradora Volkswagen S.A. de Ahorro para Fines Determinados, que fueron acompa\u00f1ados por la Defensor\u00eda. En el primero, en tres a\u00f1os las cuotas subieron un 1.189% y representan un 55,68% del salario del usuario y, en el segundo, el incremento fue del 661% en dos a\u00f1os, con un 65% de los ingresos afectados para hacer este pago.<\/p>\n\n\n\n<p>Ante este panorama, el titular del Juzgado en lo Civil y Comercial N\u00ba 7 de La Plata, Federico Mart\u00ednez, resolvi\u00f3 ordenar en los dos casos que la empresa limite la liquidaci\u00f3n de las cuotas del c\u00edrculo de ahorro hasta el tope del 20% de los salarios de los afectados hasta la resoluci\u00f3n final del proceso.<\/p>\n\n\n\n<p>\u201cNuestro pedido tiene que ver con poner un l\u00edmite a estas subas irracionales que las concesionarias aplican siguiendo cl\u00e1usulas abusivas que afectan a los consumidores, que est\u00e1n rehenes de esta situaci\u00f3n porque si no pagan estas cuotas desmesuradas pierden el veh\u00edculo\u201d, sostuvo el Defensor del Pueblo bonaerense, Guido Lorenzino.<\/p>\n\n\n\n<p>La Justicia ya hab\u00eda fijado este tope para otro caso que cont\u00f3 con el acompa\u00f1amiento de la Defensor\u00eda, en esa oportunidad contra la empresa administradora FCA S.A. de Ahorro para Fines Determinados, en la que el usuario hab\u00eda registrado una suba en poco m\u00e1s de un a\u00f1o de m\u00e1s del 300%.<\/p>\n","protected":false},"excerpt":{"rendered":"<p>Luego de que la Defensor\u00eda del Pueblo bonaerense reclamara que se fije un l\u00edmite a lo que deben pagar los usuarios de planes de ahorro, la Justicia volvi\u00f3 a poner un tope de 20% del salario a las cuotas para un par de usuarios que eligieron esta modalidad para la compra de un auto 0 [&hellip;]<\/p>\n","protected":false},"author":4,"featured_media":80301,"comment_status":"open","ping_status":"closed","sticky":false,"template":"","format":"standard","meta":{"om_disable_all_campaigns":false,"_jetpack_memberships_contains_paid_content":false,"footnotes":""},"categories":[101,2],"tags":[197,696,33],"class_list":["post-80300","post","type-post","status-publish","format-standard","has-post-thumbnail","hentry","category-interes-general-locales","category-locales","tag-buenos-aires","tag-interes-general","tag-locales"],"aioseo_notices":[],"gutentor_comment":0,"jetpack_featured_media_url":"https:\/\/eldiariodesanpedro.com.ar\/sitio\/wp-content\/uploads\/2020\/08\/87_4976_Guido-Lorenzino-01-09-19_1567385500.jpg_800.jpg","jetpack_shortlink":"https:\/\/wp.me\/p6RhLt-kTa","jetpack_sharing_enabled":true,"_links":{"self":[{"href":"https:\/\/eldiariodesanpedro.com.ar\/sitio\/wp-json\/wp\/v2\/posts\/80300","targetHints":{"allow":["GET"]}}],"collection":[{"href":"https:\/\/eldiariodesanpedro.com.ar\/sitio\/wp-json\/wp\/v2\/posts"}],"about":[{"href":"https:\/\/eldiariodesanpedro.com.ar\/sitio\/wp-json\/wp\/v2\/types\/post"}],"author":[{"embeddable":true,"href":"https:\/\/eldiariodesanpedro.com.ar\/sitio\/wp-json\/wp\/v2\/users\/4"}],"replies":[{"embeddable":true,"href":"https:\/\/eldiariodesanpedro.com.ar\/sitio\/wp-json\/wp\/v2\/comments?post=80300"}],"version-history":[{"count":1,"href":"https:\/\/eldiariodesanpedro.com.ar\/sitio\/wp-json\/wp\/v2\/posts\/80300\/revisions"}],"predecessor-version":[{"id":80302,"href":"https:\/\/eldiariodesanpedro.com.ar\/sitio\/wp-json\/wp\/v2\/posts\/80300\/revisions\/80302"}],"wp:featuredmedia":[{"embeddable":true,"href":"https:\/\/eldiariodesanpedro.com.ar\/sitio\/wp-json\/wp\/v2\/media\/80301"}],"wp:attachment":[{"href":"https:\/\/eldiariodesanpedro.com.ar\/sitio\/wp-json\/wp\/v2\/media?parent=80300"}],"wp:term":[{"taxonomy":"category","embeddable":true,"href":"https:\/\/eldiariodesanpedro.com.ar\/sitio\/wp-json\/wp\/v2\/categories?post=80300"},{"taxonomy":"post_tag","embeddable":true,"href":"https:\/\/eldiariodesanpedro.com.ar\/sitio\/wp-json\/wp\/v2\/tags?post=80300"}],"curies":[{"name":"wp","href":"https:\/\/api.w.org\/{rel}","templated":true}]}}