{"id":80285,"date":"2020-08-31T10:42:12","date_gmt":"2020-08-31T13:42:12","guid":{"rendered":"https:\/\/eldiariodesanpedro.com.ar\/sitio\/?p=80285"},"modified":"2020-08-31T10:42:16","modified_gmt":"2020-08-31T13:42:16","slug":"arrecifes-intento-de-asalto-con-la-excusa-de-hacer-un-hisopado","status":"publish","type":"post","link":"https:\/\/eldiariodesanpedro.com.ar\/sitio\/arrecifes-intento-de-asalto-con-la-excusa-de-hacer-un-hisopado\/","title":{"rendered":"ARRECIFES | Intento de asalto con la excusa de hacer un hisopado"},"content":{"rendered":"<!-- VideographyWP Plugin Message: Automatic video embedding prevented by plugin options. -->\n\n<p>Los delincuentes no pierden el tiempo para idear la forma de cometer il\u00edcitos. As\u00ed qued\u00f3 demostrado este s\u00e1bado en Arrecifes, cuando dos delincuentes que vest\u00edan prendas similares a las que suele utilizar el equipo de salud en esta pandemia intentaron asaltar a un hombre en su vivienda de barrio Las Flores.<\/p>\n\n\n\n<p>Los delincuentes llegaron a ese domicilio en una camioneta VW Amarok blanca haci\u00e9ndose pasar por m\u00e9dicos. Y bajo la excusa de hacer un hisopado, por una supuesta denuncia de coronavirus, intentaron asaltar al due\u00f1o de la casa.<\/p>\n\n\n\n<p>El hombre que fue abordado por estos sujetos vestidos con mamelucos blancos no se crey\u00f3 la historia y no les permiti\u00f3 el ingreso a su casa. De inmediato dio aviso a la polic\u00eda, que comenz\u00f3 a buscar a los delincuentes por la ciudad y tambi\u00e9n a trav\u00e9s de las c\u00e1maras de seguridad.<\/p>\n\n\n\n<p>Incre\u00edblemente, la Municipalidad no advirti\u00f3 a la poblaci\u00f3n sobre esta riesgosa situaci\u00f3n que se vivi\u00f3 el s\u00e1bado. Los mismos vecinos comenzaron a enterarse a trav\u00e9s de cadenas privadas de Whatsapp.<\/p>\n\n\n\n<p>Fuente: <a href=\"https:\/\/arrecifesnoticias.com\/policiales\/intento-de-asalto-con-la-excusa-de-hacer-un-hisopado\/\">Arrecifes Noticias<\/a><\/p>\n","protected":false},"excerpt":{"rendered":"<p>Los delincuentes no pierden el tiempo para idear la forma de cometer il\u00edcitos. As\u00ed qued\u00f3 demostrado este s\u00e1bado en Arrecifes, cuando dos delincuentes que vest\u00edan prendas similares a las que suele utilizar el equipo de salud en esta pandemia intentaron asaltar a un hombre en su vivienda de barrio Las Flores. Los delincuentes llegaron a [&hellip;]<\/p>\n","protected":false},"author":4,"featured_media":80286,"comment_status":"open","ping_status":"closed","sticky":false,"template":"","format":"standard","meta":{"om_disable_all_campaigns":false,"_jetpack_memberships_contains_paid_content":false,"footnotes":""},"categories":[621],"tags":[640,197,681],"class_list":["post-80285","post","type-post","status-publish","format-standard","has-post-thumbnail","hentry","category-regionales","tag-arrecifes","tag-buenos-aires","tag-regionales"],"aioseo_notices":[],"gutentor_comment":0,"jetpack_featured_media_url":"https:\/\/eldiariodesanpedro.com.ar\/sitio\/wp-content\/uploads\/2020\/08\/Falsos-medicos-698x510-1.jpg","jetpack_shortlink":"https:\/\/wp.me\/p6RhLt-kSV","jetpack_sharing_enabled":true,"_links":{"self":[{"href":"https:\/\/eldiariodesanpedro.com.ar\/sitio\/wp-json\/wp\/v2\/posts\/80285","targetHints":{"allow":["GET"]}}],"collection":[{"href":"https:\/\/eldiariodesanpedro.com.ar\/sitio\/wp-json\/wp\/v2\/posts"}],"about":[{"href":"https:\/\/eldiariodesanpedro.com.ar\/sitio\/wp-json\/wp\/v2\/types\/post"}],"author":[{"embeddable":true,"href":"https:\/\/eldiariodesanpedro.com.ar\/sitio\/wp-json\/wp\/v2\/users\/4"}],"replies":[{"embeddable":true,"href":"https:\/\/eldiariodesanpedro.com.ar\/sitio\/wp-json\/wp\/v2\/comments?post=80285"}],"version-history":[{"count":1,"href":"https:\/\/eldiariodesanpedro.com.ar\/sitio\/wp-json\/wp\/v2\/posts\/80285\/revisions"}],"predecessor-version":[{"id":80287,"href":"https:\/\/eldiariodesanpedro.com.ar\/sitio\/wp-json\/wp\/v2\/posts\/80285\/revisions\/80287"}],"wp:featuredmedia":[{"embeddable":true,"href":"https:\/\/eldiariodesanpedro.com.ar\/sitio\/wp-json\/wp\/v2\/media\/80286"}],"wp:attachment":[{"href":"https:\/\/eldiariodesanpedro.com.ar\/sitio\/wp-json\/wp\/v2\/media?parent=80285"}],"wp:term":[{"taxonomy":"category","embeddable":true,"href":"https:\/\/eldiariodesanpedro.com.ar\/sitio\/wp-json\/wp\/v2\/categories?post=80285"},{"taxonomy":"post_tag","embeddable":true,"href":"https:\/\/eldiariodesanpedro.com.ar\/sitio\/wp-json\/wp\/v2\/tags?post=80285"}],"curies":[{"name":"wp","href":"https:\/\/api.w.org\/{rel}","templated":true}]}}