{"id":80276,"date":"2020-08-31T09:10:08","date_gmt":"2020-08-31T12:10:08","guid":{"rendered":"https:\/\/eldiariodesanpedro.com.ar\/sitio\/?p=80276"},"modified":"2020-08-31T09:10:12","modified_gmt":"2020-08-31T12:10:12","slug":"una-carta-de-133-anos-evidencia-la-colaboracion-institucional-en-epocas-de-epidemia","status":"publish","type":"post","link":"https:\/\/eldiariodesanpedro.com.ar\/sitio\/una-carta-de-133-anos-evidencia-la-colaboracion-institucional-en-epocas-de-epidemia\/","title":{"rendered":"Una carta de 133 a\u00f1os evidencia la colaboraci\u00f3n institucional en \u00e9pocas de epidemia"},"content":{"rendered":"<!-- VideographyWP Plugin Message: Automatic video embedding prevented by plugin options. -->\n\n<p>Es de octubre 1887; fue escrita por el primer intendente de San Pedro a la Sociedad Rural y digitalizada por el Grupo Conservacionista en 2013<\/p>\n\n\n\n<p>La carta, breve pero concisa, est\u00e1 fechada el 18 de Octubre de 1887 y dirigida al entonces Presidente de la Sociedad Rural de San Pedro, Sr. Eduardo L. Molina. El que firma la nota es, nada m\u00e1s ni nada menos, que el primer intendente del partido, Don M\u00e1ximo Mill\u00e1n.En la carta, el intendente que impulsara la construcci\u00f3n del actual palacio municipal, agradece a la entidad rural el pr\u00e9stamo de su sede para ser utilizada durante la epidemia de viruela que azot\u00f3 nuestro pa\u00eds por aquellos a\u00f1os.<\/p>\n\n\n\n<p>El texto de la carta<br>San Pedro, Octubre 18 de 1887Al Sr. Presidente de la Sociedad RuralTengo el agrado de comunicar a Ud. que habiendo concluido la epidemia de viruela para que fue generosamente concedida por la Comisi\u00f3n que Ud. dignamente preside , la casa de pertenencia de esa sociedad y agradeciendo su filantr\u00f3pica cooperaci\u00f3n, debo hacerle presente que se halla desocupada y en perfecto estado de conservaci\u00f3n.Con este motivo, saluda a Ud. con toda consideraci\u00f3n. M\u00e1ximo Mill\u00e1n<\/p>\n\n\n\n<p>Este documento revela la importancia de la cooperaci\u00f3n en beneficio de la ciudadan\u00eda entre dos instituciones de la ciudad, en un momento con una coyuntura sanitaria similar a la que hoy atravesamos.<\/p>\n\n\n\n<p>Esta antigua carta fue detectada y digitalizada por el Grupo Conservacionista de F\u00f3siles en 2013. La misiva era parte de la colecci\u00f3n que dos a\u00f1os m\u00e1s tarde desapareci\u00f3 de la torre municipal. Sin embargo, la copia digitalizada que ahora se hace p\u00fablica pasar\u00e1 a formar parte de la Sala de Documentaci\u00f3n Hist\u00f3rica que se est\u00e1 montando en el Museo Paleontol\u00f3gico.<\/p>\n","protected":false},"excerpt":{"rendered":"<p>Es de octubre 1887; fue escrita por el primer intendente de San Pedro a la Sociedad Rural y digitalizada por el Grupo Conservacionista en 2013 La carta, breve pero concisa, est\u00e1 fechada el 18 de Octubre de 1887 y dirigida al entonces Presidente de la Sociedad Rural de San Pedro, Sr. Eduardo L. Molina. El [&hellip;]<\/p>\n","protected":false},"author":4,"featured_media":80277,"comment_status":"open","ping_status":"closed","sticky":false,"template":"","format":"standard","meta":{"om_disable_all_campaigns":false,"_jetpack_memberships_contains_paid_content":false,"footnotes":""},"categories":[50,101,2],"tags":[197,696,33],"class_list":["post-80276","post","type-post","status-publish","format-standard","has-post-thumbnail","hentry","category-destacadas","category-interes-general-locales","category-locales","tag-buenos-aires","tag-interes-general","tag-locales"],"aioseo_notices":[],"gutentor_comment":0,"jetpack_featured_media_url":"https:\/\/eldiariodesanpedro.com.ar\/sitio\/wp-content\/uploads\/2020\/08\/Primer-Intend-a-Soc-Rural-1887-scaled.jpg","jetpack_shortlink":"https:\/\/wp.me\/p6RhLt-kSM","jetpack_sharing_enabled":true,"_links":{"self":[{"href":"https:\/\/eldiariodesanpedro.com.ar\/sitio\/wp-json\/wp\/v2\/posts\/80276","targetHints":{"allow":["GET"]}}],"collection":[{"href":"https:\/\/eldiariodesanpedro.com.ar\/sitio\/wp-json\/wp\/v2\/posts"}],"about":[{"href":"https:\/\/eldiariodesanpedro.com.ar\/sitio\/wp-json\/wp\/v2\/types\/post"}],"author":[{"embeddable":true,"href":"https:\/\/eldiariodesanpedro.com.ar\/sitio\/wp-json\/wp\/v2\/users\/4"}],"replies":[{"embeddable":true,"href":"https:\/\/eldiariodesanpedro.com.ar\/sitio\/wp-json\/wp\/v2\/comments?post=80276"}],"version-history":[{"count":1,"href":"https:\/\/eldiariodesanpedro.com.ar\/sitio\/wp-json\/wp\/v2\/posts\/80276\/revisions"}],"predecessor-version":[{"id":80278,"href":"https:\/\/eldiariodesanpedro.com.ar\/sitio\/wp-json\/wp\/v2\/posts\/80276\/revisions\/80278"}],"wp:featuredmedia":[{"embeddable":true,"href":"https:\/\/eldiariodesanpedro.com.ar\/sitio\/wp-json\/wp\/v2\/media\/80277"}],"wp:attachment":[{"href":"https:\/\/eldiariodesanpedro.com.ar\/sitio\/wp-json\/wp\/v2\/media?parent=80276"}],"wp:term":[{"taxonomy":"category","embeddable":true,"href":"https:\/\/eldiariodesanpedro.com.ar\/sitio\/wp-json\/wp\/v2\/categories?post=80276"},{"taxonomy":"post_tag","embeddable":true,"href":"https:\/\/eldiariodesanpedro.com.ar\/sitio\/wp-json\/wp\/v2\/tags?post=80276"}],"curies":[{"name":"wp","href":"https:\/\/api.w.org\/{rel}","templated":true}]}}