{"id":80274,"date":"2020-08-31T09:04:44","date_gmt":"2020-08-31T12:04:44","guid":{"rendered":"https:\/\/eldiariodesanpedro.com.ar\/sitio\/?p=80274"},"modified":"2020-08-31T09:04:48","modified_gmt":"2020-08-31T12:04:48","slug":"el-lunes-31-y-el-martes-1-cobran-el-ife-3-los-titulares-con-dni-terminados-en-2","status":"publish","type":"post","link":"https:\/\/eldiariodesanpedro.com.ar\/sitio\/el-lunes-31-y-el-martes-1-cobran-el-ife-3-los-titulares-con-dni-terminados-en-2\/","title":{"rendered":"El lunes 31 y el martes 1\u00b0 cobran el IFE 3 los titulares con DNI terminados en 2"},"content":{"rendered":"<!-- VideographyWP Plugin Message: Automatic video embedding prevented by plugin options. -->\n\n<p><strong>Ingreso Familiar de Emergencia<\/strong><br>En el marco de la pol\u00edtica de inclusi\u00f3n financiera que lleva adelante la ANSES, ma\u00f1ana cobran el IFE 3 mediante Clave Bancaria Uniforme (CBU)\u00a0los titulares\u00a0cuyos documentos terminen en\u00a0<strong>2<\/strong>. De esta manera, cerca de 300.000 personas por d\u00eda percibir\u00e1n el ingreso.<br>Se recuerda a los beneficiarios que\u00a0<strong>no<\/strong>\u00a0poseen tarjeta de d\u00e9bito que, de corresponder, deber\u00e1n sacar previamente un turno en la entidad bancaria, a fin de evitar demoras en el cobro.<br>Asimismo, la fecha de cobro debe consultarse, con la Clave de la Seguridad Social, en el aplicativo que figura en la web del organismo. El ingreso se pagar\u00e1 al mismo d\u00edgito final de DNI durante dos d\u00edas h\u00e1biles.<\/p>\n\n\n\n<p><strong>Jubilaciones y pensiones del Sistema Integrado Previsional Argentino (SIPA)<\/strong><br>Las sucursales bancarias habilitadas atender\u00e1n por ventanilla solo a los\u00a0<strong>jubilados y pensionados con documentos terminados en 8 y 9 y cuyos haberes SUPEREN la suma de $18.952<\/strong>.<br>En este sentido, si bien estas personas no tienen que solicitar turno previo para cobrar el beneficio,\u00a0<strong>deben acercarse a la sucursal bancaria \u00fanicamente en la fecha asignada<\/strong>. Cabe recordar que los haberes permanecer\u00e1n depositados en sus cuentas.<\/p>\n\n\n\n<p><strong>Prestaci\u00f3n por Desempleo<\/strong><br>Ma\u00f1ana cobran la Prestaci\u00f3n por Desempleo las personas cuyos documentos finalizan en<strong>\u00a08\u00a0<\/strong>y<strong>\u00a09<\/strong>.<\/p>\n\n\n\n<p><strong>Becas Sostener Cultura<\/strong><br>Ma\u00f1ana se realizar\u00e1 el primer pago de 12.946\u00a0<em>Becas Sostener Cultura<\/em>\u00a0del Fondo Nacional de las Artes por una inversi\u00f3n de 194 millones de pesos. Con el objetivo de colaborar y\u00a0estar cerca de la comunidad art\u00edstica,\u00a0en el marco de la pandemia por el COVID-19, estas becas ascienden a 15.000 pesos cada una.<\/p>\n","protected":false},"excerpt":{"rendered":"<p>Ingreso Familiar de EmergenciaEn el marco de la pol\u00edtica de inclusi\u00f3n financiera que lleva adelante la ANSES, ma\u00f1ana cobran el IFE 3 mediante Clave Bancaria Uniforme (CBU)\u00a0los titulares\u00a0cuyos documentos terminen en\u00a02. De esta manera, cerca de 300.000 personas por d\u00eda percibir\u00e1n el ingreso.Se recuerda a los beneficiarios que\u00a0no\u00a0poseen tarjeta de d\u00e9bito que, de corresponder, deber\u00e1n [&hellip;]<\/p>\n","protected":false},"author":4,"featured_media":79417,"comment_status":"open","ping_status":"closed","sticky":false,"template":"","format":"standard","meta":{"om_disable_all_campaigns":false,"_jetpack_memberships_contains_paid_content":false,"footnotes":""},"categories":[101,2],"tags":[197,696,33],"class_list":["post-80274","post","type-post","status-publish","format-standard","has-post-thumbnail","hentry","category-interes-general-locales","category-locales","tag-buenos-aires","tag-interes-general","tag-locales"],"aioseo_notices":[],"gutentor_comment":0,"jetpack_featured_media_url":"https:\/\/eldiariodesanpedro.com.ar\/sitio\/wp-content\/uploads\/2020\/08\/1588601711_001936_1588601952_noticia_normal.jpg","jetpack_shortlink":"https:\/\/wp.me\/p6RhLt-kSK","jetpack_sharing_enabled":true,"_links":{"self":[{"href":"https:\/\/eldiariodesanpedro.com.ar\/sitio\/wp-json\/wp\/v2\/posts\/80274","targetHints":{"allow":["GET"]}}],"collection":[{"href":"https:\/\/eldiariodesanpedro.com.ar\/sitio\/wp-json\/wp\/v2\/posts"}],"about":[{"href":"https:\/\/eldiariodesanpedro.com.ar\/sitio\/wp-json\/wp\/v2\/types\/post"}],"author":[{"embeddable":true,"href":"https:\/\/eldiariodesanpedro.com.ar\/sitio\/wp-json\/wp\/v2\/users\/4"}],"replies":[{"embeddable":true,"href":"https:\/\/eldiariodesanpedro.com.ar\/sitio\/wp-json\/wp\/v2\/comments?post=80274"}],"version-history":[{"count":1,"href":"https:\/\/eldiariodesanpedro.com.ar\/sitio\/wp-json\/wp\/v2\/posts\/80274\/revisions"}],"predecessor-version":[{"id":80275,"href":"https:\/\/eldiariodesanpedro.com.ar\/sitio\/wp-json\/wp\/v2\/posts\/80274\/revisions\/80275"}],"wp:featuredmedia":[{"embeddable":true,"href":"https:\/\/eldiariodesanpedro.com.ar\/sitio\/wp-json\/wp\/v2\/media\/79417"}],"wp:attachment":[{"href":"https:\/\/eldiariodesanpedro.com.ar\/sitio\/wp-json\/wp\/v2\/media?parent=80274"}],"wp:term":[{"taxonomy":"category","embeddable":true,"href":"https:\/\/eldiariodesanpedro.com.ar\/sitio\/wp-json\/wp\/v2\/categories?post=80274"},{"taxonomy":"post_tag","embeddable":true,"href":"https:\/\/eldiariodesanpedro.com.ar\/sitio\/wp-json\/wp\/v2\/tags?post=80274"}],"curies":[{"name":"wp","href":"https:\/\/api.w.org\/{rel}","templated":true}]}}